{"id":386,"date":"2024-05-09T13:27:32","date_gmt":"2024-05-09T13:27:32","guid":{"rendered":"https:\/\/bangpremier.fr\/index.php\/2024\/05\/09\/danny-care-prolonge-son-contrat-dune-saison-avec-les-harlequins\/"},"modified":"2024-05-09T13:27:33","modified_gmt":"2024-05-09T13:27:33","slug":"danny-care-prolonge-son-contrat-dune-saison-avec-les-harlequins","status":"publish","type":"post","link":"https:\/\/bangpremier.fr\/index.php\/2024\/05\/09\/danny-care-prolonge-son-contrat-dune-saison-avec-les-harlequins\/","title":{"rendered":"Danny Care prolonge son contrat d\u2019une saison avec les Harlequins"},"content":{"rendered":"<p><b>2024-05-09 13:27:32<\/b><br \/>\n<BR>Danny Care a prolong\u00e9 son contrat d\u2019une saison avec les Harlequins.<BR><br \/>\nLe demi de m\u00eal\u00e9e de 37 ans va donc jouer une 19\u00e8me saison avec le club anglais alors qu\u2019il a d\u00e9j\u00e0 port\u00e9 le maillot du club \u00e0 374 reprises, un record au club.<BR><br \/>\nIl a d\u00e9clar\u00e9 sur le site officiel du club : \u00ab\u00a0C&#8217;est ma maison, j&#8217;aime tout ici, le rugby que nous pratiquons, nos incroyables supporters et les souvenirs que nous avons cr\u00e9\u00e9s. La d\u00e9cision de signer le contrat a \u00e9t\u00e9 facile \u00e0 prendre, nous avons un groupe de gars formidables avec lesquels j&#8217;aime jouer, et nous construisons quelque chose de tr\u00e8s sp\u00e9cial.\u00a0\u00bb<BR><br \/>\nCare a remport\u00e9 le championnat en 2012 et en 2021 et la Challenge Cup en 2011.<BR><br \/>\nLe directeur du rugby Billy Millard a d\u00e9clar\u00e9 au sujet de son joueur : \u00ab\u00a0Danny a \u00e9t\u00e9 un incroyable serviteur de notre club et un v\u00e9ritable Harlequin, qui a montr\u00e9 la voie avec son professionnalisme exceptionnel, son travail acharn\u00e9 et sa d\u00e9termination \u00e0 r\u00e9ussir.\u00a0\u00bb<BR><br \/>\nIl a ajout\u00e9 : \u00ab\u00a0Nous aimons avoir Danny dans notre \u00e9quipe, c&#8217;est un grand personnage et son \u00e9nergie contagieuse, ainsi que son exp\u00e9rience, font de lui un membre tr\u00e8s populaire et important de l&#8217;ADN des Quins.\u00a0\u00bb<br \/>\n<br \/><a href=\"https:\/\/bangpremier.com\/\" target=\"_blank\" rel=\"noopener\"> Visit Bang Premier (main website) <\/a><\/p>\n","protected":false},"excerpt":{"rendered":"<p>2024-05-09 13:27:32 Danny Care a prolong\u00e9 son contrat d\u2019une saison avec les Harlequins. Le demi de m\u00eal\u00e9e de 37 ans va donc jouer une 19\u00e8me saison avec le club anglais&hellip;<\/p>\n","protected":false},"author":1,"featured_media":387,"comment_status":"closed","ping_status":"open","sticky":false,"template":"","format":"standard","meta":{"footnotes":""},"categories":[4],"tags":[],"class_list":["post-386","post","type-post","status-publish","format-standard","has-post-thumbnail","hentry","category-sport"],"_links":{"self":[{"href":"https:\/\/bangpremier.fr\/index.php\/wp-json\/wp\/v2\/posts\/386","targetHints":{"allow":["GET"]}}],"collection":[{"href":"https:\/\/bangpremier.fr\/index.php\/wp-json\/wp\/v2\/posts"}],"about":[{"href":"https:\/\/bangpremier.fr\/index.php\/wp-json\/wp\/v2\/types\/post"}],"author":[{"embeddable":true,"href":"https:\/\/bangpremier.fr\/index.php\/wp-json\/wp\/v2\/users\/1"}],"replies":[{"embeddable":true,"href":"https:\/\/bangpremier.fr\/index.php\/wp-json\/wp\/v2\/comments?post=386"}],"version-history":[{"count":1,"href":"https:\/\/bangpremier.fr\/index.php\/wp-json\/wp\/v2\/posts\/386\/revisions"}],"predecessor-version":[{"id":388,"href":"https:\/\/bangpremier.fr\/index.php\/wp-json\/wp\/v2\/posts\/386\/revisions\/388"}],"wp:featuredmedia":[{"embeddable":true,"href":"https:\/\/bangpremier.fr\/index.php\/wp-json\/wp\/v2\/media\/387"}],"wp:attachment":[{"href":"https:\/\/bangpremier.fr\/index.php\/wp-json\/wp\/v2\/media?parent=386"}],"wp:term":[{"taxonomy":"category","embeddable":true,"href":"https:\/\/bangpremier.fr\/index.php\/wp-json\/wp\/v2\/categories?post=386"},{"taxonomy":"post_tag","embeddable":true,"href":"https:\/\/bangpremier.fr\/index.php\/wp-json\/wp\/v2\/tags?post=386"}],"curies":[{"name":"wp","href":"https:\/\/api.w.org\/{rel}","templated":true}]}}