{"id":380,"date":"2024-05-09T13:00:00","date_gmt":"2024-05-09T13:00:00","guid":{"rendered":"https:\/\/bangpremier.fr\/index.php\/2024\/05\/09\/kylian-mbappe-estime-que-le-psg-na-pas-ete-assez-bon-face-a-dortmund\/"},"modified":"2024-05-09T13:00:02","modified_gmt":"2024-05-09T13:00:02","slug":"kylian-mbappe-estime-que-le-psg-na-pas-ete-assez-bon-face-a-dortmund","status":"publish","type":"post","link":"https:\/\/bangpremier.fr\/index.php\/2024\/05\/09\/kylian-mbappe-estime-que-le-psg-na-pas-ete-assez-bon-face-a-dortmund\/","title":{"rendered":"Kylian Mbapp\u00e9 estime que le PSG n\u2019a pas \u00e9t\u00e9 assez bon face \u00e0 Dortmund"},"content":{"rendered":"<p><b>2024-05-09 13:00:00<\/b><br \/>\n<BR>Kylian Mbapp\u00e9 a estim\u00e9 que le Paris Saint-Germain n\u2019avait pas \u00e9t\u00e9 assez bon pour se qualifier en finale de Ligue des champions.<BR><br \/>\nLe PSG a \u00e9t\u00e9 une seconde fois battu 1-0 par le Borussia Dortmund et l\u2019attaquant tricolore a d\u00e9nonc\u00e9 le manque d\u2019efficacit\u00e9 de son \u00e9quipe durant la demi-finale retour.<BR><br \/>\nMbapp\u00e9 a d\u00e9clar\u00e9 apr\u00e8s la rencontre : \u00ab\u00a0On doit marquer. On a les opportunit\u00e9s pour marquer, quand tu ne le fais pas, quand tu n&#8217;es pas efficace dans les deux surfaces, c&#8217;est difficile d&#8217;aller au tour d&#8217;apr\u00e8s. Maintenant, tout n&#8217;est pas \u00e0 jeter. Cette \u00e9quipe a donn\u00e9 beaucoup, elle a essay\u00e9 de rendre fier tous les gens qui \u00e9taient l\u00e0. \u00c7a n&#8217;a pas suffi.\u00a0\u00bb<BR><br \/>\nIl a ajout\u00e9 : \u00ab\u00a0J&#8217;ai essay\u00e9 d&#8217;aider mon \u00e9quipe du mieux que je pouvais. Ce n&#8217;\u00e9tait pas suffisant. Quand on parle d&#8217;efficacit\u00e9 dans les surfaces, je pense \u00eatre le premier vis\u00e9. Je suis le gars qui doit marquer les buts et \u00eatre d\u00e9cisif. Quand \u00e7a se passe, je prends toute la lumi\u00e8re, quand \u00e7a ne marche pas, il faut prendre toute l&#8217;ombre aussi. Il n&#8217;y a pas de probl\u00e8me avec \u00e7a.\u00a0\u00bb<BR><br \/>\nApr\u00e8s avoir remport\u00e9 la Ligue 1, le club de la capitale aura la chance de gagner la Coupe de France face \u00e0 Lyon le 25 mai prochain.<br \/>\n<br \/><a href=\"https:\/\/bangpremier.com\/\" target=\"_blank\" rel=\"noopener\"> Visit Bang Premier (main website) <\/a><\/p>\n","protected":false},"excerpt":{"rendered":"<p>2024-05-09 13:00:00 Kylian Mbapp\u00e9 a estim\u00e9 que le Paris Saint-Germain n\u2019avait pas \u00e9t\u00e9 assez bon pour se qualifier en finale de Ligue des champions. Le PSG a \u00e9t\u00e9 une seconde&hellip;<\/p>\n","protected":false},"author":1,"featured_media":381,"comment_status":"closed","ping_status":"open","sticky":false,"template":"","format":"standard","meta":{"footnotes":""},"categories":[4],"tags":[],"class_list":["post-380","post","type-post","status-publish","format-standard","has-post-thumbnail","hentry","category-sport"],"_links":{"self":[{"href":"https:\/\/bangpremier.fr\/index.php\/wp-json\/wp\/v2\/posts\/380","targetHints":{"allow":["GET"]}}],"collection":[{"href":"https:\/\/bangpremier.fr\/index.php\/wp-json\/wp\/v2\/posts"}],"about":[{"href":"https:\/\/bangpremier.fr\/index.php\/wp-json\/wp\/v2\/types\/post"}],"author":[{"embeddable":true,"href":"https:\/\/bangpremier.fr\/index.php\/wp-json\/wp\/v2\/users\/1"}],"replies":[{"embeddable":true,"href":"https:\/\/bangpremier.fr\/index.php\/wp-json\/wp\/v2\/comments?post=380"}],"version-history":[{"count":1,"href":"https:\/\/bangpremier.fr\/index.php\/wp-json\/wp\/v2\/posts\/380\/revisions"}],"predecessor-version":[{"id":382,"href":"https:\/\/bangpremier.fr\/index.php\/wp-json\/wp\/v2\/posts\/380\/revisions\/382"}],"wp:featuredmedia":[{"embeddable":true,"href":"https:\/\/bangpremier.fr\/index.php\/wp-json\/wp\/v2\/media\/381"}],"wp:attachment":[{"href":"https:\/\/bangpremier.fr\/index.php\/wp-json\/wp\/v2\/media?parent=380"}],"wp:term":[{"taxonomy":"category","embeddable":true,"href":"https:\/\/bangpremier.fr\/index.php\/wp-json\/wp\/v2\/categories?post=380"},{"taxonomy":"post_tag","embeddable":true,"href":"https:\/\/bangpremier.fr\/index.php\/wp-json\/wp\/v2\/tags?post=380"}],"curies":[{"name":"wp","href":"https:\/\/api.w.org\/{rel}","templated":true}]}}