{"id":334,"date":"2024-05-07T19:07:40","date_gmt":"2024-05-07T19:07:40","guid":{"rendered":"https:\/\/bangpremier.fr\/index.php\/2024\/05\/07\/erik-ten-hag-est-convaincu-que-bruno-fernandes-va-rester-a-manchester-united\/"},"modified":"2024-05-07T19:07:42","modified_gmt":"2024-05-07T19:07:42","slug":"erik-ten-hag-est-convaincu-que-bruno-fernandes-va-rester-a-manchester-united","status":"publish","type":"post","link":"https:\/\/bangpremier.fr\/index.php\/2024\/05\/07\/erik-ten-hag-est-convaincu-que-bruno-fernandes-va-rester-a-manchester-united\/","title":{"rendered":"Erik ten Hag est convaincu que Bruno Fernandes va rester \u00e0 Manchester United"},"content":{"rendered":"<p><b>2024-05-07 19:07:40<\/b><br \/>\n<BR>Erik ten Hag a assur\u00e9 que Bruno Fernandes allait continuer sa carri\u00e8re \u00e0 Manchester United la saison prochaine.<BR><br \/>\nLe milieu de terrain portugais, interrog\u00e9 sur son avenir sur DAZN la semaine derni\u00e8re, a laiss\u00e9 planer le doute concernant son avenir en Premier League.<BR><br \/>\nCependant, le coach n\u00e9erlandais argue que les paroles du Portugais ont \u00e9t\u00e9 sorties de son contexte alors qu\u2019il est sous contrat jusqu\u2019en 2026.<BR><br \/>\nIl a d\u00e9clar\u00e9 : \u00ab\u00a0Je sais qu&#8217;il est \u00e0 Manchester United et je pense qu&#8217;il est tr\u00e8s heureux d&#8217;\u00eatre ici.\u00a0\u00bb<BR><br \/>\nFernandes a \u00e9t\u00e9 critiqu\u00e9 \u00e0 de multiples reprises pour son r\u00f4le de capitaine qui lui a \u00e9t\u00e9 attribu\u00e9 en d\u00e9but de saison.<BR><br \/>\n\u00c0 ce sujet, ten Hag a d\u00e9clar\u00e9 : \u00ab\u00a0Prendre des responsabilit\u00e9s est l&#8217;un des principaux atouts dont disposent aujourd&#8217;hui les footballeurs de haut niveau pour montrer ce qu&#8217;ils savent faire et ce qu&#8217;ils font.\u00a0\u00bb<BR><br \/>\nIl a ajout\u00e9 : \u00ab\u00a0Bruno est un tr\u00e8s bon exemple pour beaucoup d&#8217;autres joueurs. C&#8217;est un vrai battant. L&#8217;ann\u00e9e derni\u00e8re, lorsque nous avons jou\u00e9 contre Brighton en demi-finale de la Coupe d&#8217;Angleterre, il a jou\u00e9 avec une cheville tr\u00e8s \u00e9paisse. C&#8217;\u00e9tait incroyable. Il ne pouvait pas courir, mais il \u00e9tait toujours sur le terrain.\u00a0\u00bb<br \/>\n<br \/><a href=\"https:\/\/bangpremier.com\/\" target=\"_blank\" rel=\"noopener\"> Visit Bang Premier (main website) <\/a><\/p>\n","protected":false},"excerpt":{"rendered":"<p>2024-05-07 19:07:40 Erik ten Hag a assur\u00e9 que Bruno Fernandes allait continuer sa carri\u00e8re \u00e0 Manchester United la saison prochaine. Le milieu de terrain portugais, interrog\u00e9 sur son avenir sur&hellip;<\/p>\n","protected":false},"author":1,"featured_media":335,"comment_status":"closed","ping_status":"open","sticky":false,"template":"","format":"standard","meta":{"footnotes":""},"categories":[4],"tags":[],"class_list":["post-334","post","type-post","status-publish","format-standard","has-post-thumbnail","hentry","category-sport"],"_links":{"self":[{"href":"https:\/\/bangpremier.fr\/index.php\/wp-json\/wp\/v2\/posts\/334","targetHints":{"allow":["GET"]}}],"collection":[{"href":"https:\/\/bangpremier.fr\/index.php\/wp-json\/wp\/v2\/posts"}],"about":[{"href":"https:\/\/bangpremier.fr\/index.php\/wp-json\/wp\/v2\/types\/post"}],"author":[{"embeddable":true,"href":"https:\/\/bangpremier.fr\/index.php\/wp-json\/wp\/v2\/users\/1"}],"replies":[{"embeddable":true,"href":"https:\/\/bangpremier.fr\/index.php\/wp-json\/wp\/v2\/comments?post=334"}],"version-history":[{"count":1,"href":"https:\/\/bangpremier.fr\/index.php\/wp-json\/wp\/v2\/posts\/334\/revisions"}],"predecessor-version":[{"id":336,"href":"https:\/\/bangpremier.fr\/index.php\/wp-json\/wp\/v2\/posts\/334\/revisions\/336"}],"wp:featuredmedia":[{"embeddable":true,"href":"https:\/\/bangpremier.fr\/index.php\/wp-json\/wp\/v2\/media\/335"}],"wp:attachment":[{"href":"https:\/\/bangpremier.fr\/index.php\/wp-json\/wp\/v2\/media?parent=334"}],"wp:term":[{"taxonomy":"category","embeddable":true,"href":"https:\/\/bangpremier.fr\/index.php\/wp-json\/wp\/v2\/categories?post=334"},{"taxonomy":"post_tag","embeddable":true,"href":"https:\/\/bangpremier.fr\/index.php\/wp-json\/wp\/v2\/tags?post=334"}],"curies":[{"name":"wp","href":"https:\/\/api.w.org\/{rel}","templated":true}]}}