{"id":331,"date":"2024-05-07T18:44:08","date_gmt":"2024-05-07T18:44:08","guid":{"rendered":"https:\/\/bangpremier.fr\/index.php\/2024\/05\/07\/virgil-van-dijk-veut-faire-partie-de-la-transition-de-liverpool\/"},"modified":"2024-05-07T18:44:10","modified_gmt":"2024-05-07T18:44:10","slug":"virgil-van-dijk-veut-faire-partie-de-la-transition-de-liverpool","status":"publish","type":"post","link":"https:\/\/bangpremier.fr\/index.php\/2024\/05\/07\/virgil-van-dijk-veut-faire-partie-de-la-transition-de-liverpool\/","title":{"rendered":"Virgil van Dijk veut faire partie de la transition de Liverpool"},"content":{"rendered":"<p><b>2024-05-07 18:44:08<\/b><br \/>\n<BR>Virgil van Dijk a affirm\u00e9 qu\u2019il voulait faire partie de la transition de Liverpool alors que J\u00fcrgen Klopp  va quitter le club anglais en fin de saison.<BR><br \/>\nLe d\u00e9fenseur n\u00e9erlandais de 32 ans est li\u00e9 au club de la Mersey jusqu\u2019en 2025 et il sera coach\u00e9 par Arne Slot l\u2019ann\u00e9e prochaine.<BR><br \/>\nAvec l\u2019arriv\u00e9e d\u2019un nouveau manager, la sp\u00e9culation autour d\u2019un d\u00e9part de N\u00e9erlandais prend de l\u2019ampleur mais ce dernier a r\u00e9affirm\u00e9 sa volont\u00e9 de faire partie d\u2019une nouvelle \u00e8re \u00e0 Liverpool.<BR><br \/>\nIl a d\u00e9clar\u00e9 :\u00a0\u00ab\u00a0Il y aura une grande transition et j&#8217;en fais partie. Je pense que le club est tr\u00e8s occup\u00e9 par le choix du nouveau manager et c&#8217;est l&#8217;objectif principal.\u00a0\u00bb<BR><br \/>\nIl a ajout\u00e9 : \u00ab\u00a0Comme je l&#8217;ai dit, je suis tr\u00e8s heureux ici, j&#8217;aime le club et cela se voit. C&#8217;est d\u00e9j\u00e0 une grande partie de ma vie et c&#8217;est tout ce que je peux dire.\u00a0\u00bb<BR><br \/>\nLiverpool, actuellement troisi\u00e8me de Premier League, n\u2019a presque plus de chance de remporter le titre.<BR><br \/>\nQuant \u00e0 Slot, il n\u2019a jamais entra\u00een\u00e9 ailleurs qu\u2019aux Pays-Bas et il s\u2019agira donc de son premier d\u00e9fi \u00e0 l\u2019\u00e9tranger.<BR><br \/>\nVan Dijk a confi\u00e9 : \u00ab\u00a0Il y aura beaucoup de changements et, je ne dirais pas que le mot \u2018effrayant\u2019 est le bon, mais ce qui va se passer maintenant est tr\u00e8s int\u00e9ressant et passionnant.\u00a0\u00bb<br \/>\n<br \/><a href=\"https:\/\/bangpremier.com\/\" target=\"_blank\" rel=\"noopener\"> Visit Bang Premier (main website) <\/a><\/p>\n","protected":false},"excerpt":{"rendered":"<p>2024-05-07 18:44:08 Virgil van Dijk a affirm\u00e9 qu\u2019il voulait faire partie de la transition de Liverpool alors que J\u00fcrgen Klopp va quitter le club anglais en fin de saison. Le&hellip;<\/p>\n","protected":false},"author":1,"featured_media":332,"comment_status":"closed","ping_status":"open","sticky":false,"template":"","format":"standard","meta":{"footnotes":""},"categories":[4],"tags":[],"class_list":["post-331","post","type-post","status-publish","format-standard","has-post-thumbnail","hentry","category-sport"],"_links":{"self":[{"href":"https:\/\/bangpremier.fr\/index.php\/wp-json\/wp\/v2\/posts\/331","targetHints":{"allow":["GET"]}}],"collection":[{"href":"https:\/\/bangpremier.fr\/index.php\/wp-json\/wp\/v2\/posts"}],"about":[{"href":"https:\/\/bangpremier.fr\/index.php\/wp-json\/wp\/v2\/types\/post"}],"author":[{"embeddable":true,"href":"https:\/\/bangpremier.fr\/index.php\/wp-json\/wp\/v2\/users\/1"}],"replies":[{"embeddable":true,"href":"https:\/\/bangpremier.fr\/index.php\/wp-json\/wp\/v2\/comments?post=331"}],"version-history":[{"count":1,"href":"https:\/\/bangpremier.fr\/index.php\/wp-json\/wp\/v2\/posts\/331\/revisions"}],"predecessor-version":[{"id":333,"href":"https:\/\/bangpremier.fr\/index.php\/wp-json\/wp\/v2\/posts\/331\/revisions\/333"}],"wp:featuredmedia":[{"embeddable":true,"href":"https:\/\/bangpremier.fr\/index.php\/wp-json\/wp\/v2\/media\/332"}],"wp:attachment":[{"href":"https:\/\/bangpremier.fr\/index.php\/wp-json\/wp\/v2\/media?parent=331"}],"wp:term":[{"taxonomy":"category","embeddable":true,"href":"https:\/\/bangpremier.fr\/index.php\/wp-json\/wp\/v2\/categories?post=331"},{"taxonomy":"post_tag","embeddable":true,"href":"https:\/\/bangpremier.fr\/index.php\/wp-json\/wp\/v2\/tags?post=331"}],"curies":[{"name":"wp","href":"https:\/\/api.w.org\/{rel}","templated":true}]}}