{"id":325,"date":"2024-05-07T17:52:18","date_gmt":"2024-05-07T17:52:18","guid":{"rendered":"https:\/\/bangpremier.fr\/index.php\/2024\/05\/07\/david-moyes-va-quitter-west-ham-a-la-fin-de-la-saison\/"},"modified":"2024-05-07T17:52:20","modified_gmt":"2024-05-07T17:52:20","slug":"david-moyes-va-quitter-west-ham-a-la-fin-de-la-saison","status":"publish","type":"post","link":"https:\/\/bangpremier.fr\/index.php\/2024\/05\/07\/david-moyes-va-quitter-west-ham-a-la-fin-de-la-saison\/","title":{"rendered":"David Moyes va quitter West Ham \u00e0 la fin de la saison"},"content":{"rendered":"<p><b>2024-05-07 17:52:18<\/b><br \/>\n<BR>David Moyes et West Ham se sont accord\u00e9s sur le d\u00e9part du manager \u00e9cossais \u00e0 la fin de la saison.<BR><br \/>\nLes derniers r\u00e9sultats catastrophiques du club londonien ont pouss\u00e9 Moyes vers la sortie alors que son successeur devrait \u00eatre Julen Lopetegui, qui n\u2019entra\u00eene plus depuis son limogeage de Wolverhampton l\u2019\u00e9t\u00e9 dernier.<BR><br \/>\nMoyes, d\u00e8s son arriv\u00e9e \u00e0 West Ham, avait sauv\u00e9 le club de la rel\u00e9gation lors de sa premi\u00e8re ann\u00e9e avant de mener le club au titre en Ligue Europa Conference en 2023.<BR><br \/>\nDans un communiqu\u00e9, Moyes a d\u00e9clar\u00e9 : \u00ab\u00a0J&#8217;ai pass\u00e9 quatre ann\u00e9es et demie brillantes \u00e0 West Ham, et le club est dans une position plus forte que lorsque je suis revenu en 2019. Lorsque j&#8217;ai rejoint West Ham pour la deuxi\u00e8me fois, le club se trouvait \u00e0 une place au-dessus de la zone de rel\u00e9gation, et le fait d&#8217;avoir r\u00e9alis\u00e9 trois saisons cons\u00e9cutives en Europe a \u00e9t\u00e9 un parcours formidable.\u00a0\u00bb<BR><br \/>\nIl a ajout\u00e9 : \u00ab\u00a0Apr\u00e8s avoir mis le club \u00e0 l&#8217;abri, nous avons men\u00e9 l&#8217;\u00e9quipe aux sixi\u00e8me et septi\u00e8me places de la Premier League, et j&#8217;ai \u00e9t\u00e9 ravi lorsque nous avons remport\u00e9 le titre de l&#8217;Europa Conference League en juin dernier &#8211; le premier troph\u00e9e majeur du club en 43 ans. Je tiens \u00e0 remercier tous les joueurs pour leur soutien et tous les succ\u00e8s qu&#8217;ils ont remport\u00e9s au cours des quatre derni\u00e8res ann\u00e9es et demie.\u00a0\u00bb<br \/>\n<br \/><a href=\"https:\/\/bangpremier.com\/\" target=\"_blank\" rel=\"noopener\"> Visit Bang Premier (main website) <\/a><\/p>\n","protected":false},"excerpt":{"rendered":"<p>2024-05-07 17:52:18 David Moyes et West Ham se sont accord\u00e9s sur le d\u00e9part du manager \u00e9cossais \u00e0 la fin de la saison. Les derniers r\u00e9sultats catastrophiques du club londonien ont&hellip;<\/p>\n","protected":false},"author":1,"featured_media":326,"comment_status":"closed","ping_status":"open","sticky":false,"template":"","format":"standard","meta":{"footnotes":""},"categories":[4],"tags":[],"class_list":["post-325","post","type-post","status-publish","format-standard","has-post-thumbnail","hentry","category-sport"],"_links":{"self":[{"href":"https:\/\/bangpremier.fr\/index.php\/wp-json\/wp\/v2\/posts\/325","targetHints":{"allow":["GET"]}}],"collection":[{"href":"https:\/\/bangpremier.fr\/index.php\/wp-json\/wp\/v2\/posts"}],"about":[{"href":"https:\/\/bangpremier.fr\/index.php\/wp-json\/wp\/v2\/types\/post"}],"author":[{"embeddable":true,"href":"https:\/\/bangpremier.fr\/index.php\/wp-json\/wp\/v2\/users\/1"}],"replies":[{"embeddable":true,"href":"https:\/\/bangpremier.fr\/index.php\/wp-json\/wp\/v2\/comments?post=325"}],"version-history":[{"count":1,"href":"https:\/\/bangpremier.fr\/index.php\/wp-json\/wp\/v2\/posts\/325\/revisions"}],"predecessor-version":[{"id":327,"href":"https:\/\/bangpremier.fr\/index.php\/wp-json\/wp\/v2\/posts\/325\/revisions\/327"}],"wp:featuredmedia":[{"embeddable":true,"href":"https:\/\/bangpremier.fr\/index.php\/wp-json\/wp\/v2\/media\/326"}],"wp:attachment":[{"href":"https:\/\/bangpremier.fr\/index.php\/wp-json\/wp\/v2\/media?parent=325"}],"wp:term":[{"taxonomy":"category","embeddable":true,"href":"https:\/\/bangpremier.fr\/index.php\/wp-json\/wp\/v2\/categories?post=325"},{"taxonomy":"post_tag","embeddable":true,"href":"https:\/\/bangpremier.fr\/index.php\/wp-json\/wp\/v2\/tags?post=325"}],"curies":[{"name":"wp","href":"https:\/\/api.w.org\/{rel}","templated":true}]}}