{"id":2741,"date":"2024-07-25T15:13:20","date_gmt":"2024-07-25T15:13:20","guid":{"rendered":"https:\/\/bangpremier.fr\/index.php\/2024\/07\/25\/salma-hayek-etait-tres-emue-apres-avoir-relaye-la-flamme-olympique-a-paris-jetais-fiere-de-representer-lesprit-durable-des-jeux-olympiques\/"},"modified":"2024-07-25T15:13:21","modified_gmt":"2024-07-25T15:13:21","slug":"salma-hayek-etait-tres-emue-apres-avoir-relaye-la-flamme-olympique-a-paris-jetais-fiere-de-representer-lesprit-durable-des-jeux-olympiques","status":"publish","type":"post","link":"https:\/\/bangpremier.fr\/index.php\/2024\/07\/25\/salma-hayek-etait-tres-emue-apres-avoir-relaye-la-flamme-olympique-a-paris-jetais-fiere-de-representer-lesprit-durable-des-jeux-olympiques\/","title":{"rendered":"Salma Hayek \u00e9tait tr\u00e8s \u00e9mue apr\u00e8s avoir relay\u00e9 la flamme Olympique \u00e0 Paris : &quot;J&#039;\u00e9tais fi\u00e8re de repr\u00e9senter l&#039;esprit durable des jeux olympiques&quot;"},"content":{"rendered":"<p><b>2024-07-25 15:13:20<\/b><br \/>\n<BR>Salma Hayek \u00e9tait fi\u00e8re d&#8217;avoir l&#8217;honneur de porter la flamme olympique.<BR><br \/>\nL&#8217;actrice faisait partie des 175 porteurs de flambeau qui ont aid\u00e9 \u00e0 transporter la flamme de Rambouillet \u00e0 Versailles mardi avant le coup d&#8217;envoi des Jeux olympiques ce vendredi.<BR><br \/>\nPartageant des photos d&#8217;elle dans sa tenue de c\u00e9r\u00e9monie avec la star du football Presnel Kimpembe, le chanteur et acteur Patrick Bruel et la politicienne Rachida Dati, Salma a \u00e9crit sur Instagram : &#8220;Hier, j&#8217;ai eu l&#8217;honneur de porter la flamme olympique, symbole de lumi\u00e8re, d&#8217;espoir, de paix et d&#8217;unit\u00e9. Si vous croyez en ces valeurs, sachez que vous \u00e9tiez avec moi \u00e0 chaque \u00e9tape du chemin. En passant la flamme et en prenant part au relais, j&#8217;\u00e9tais fi\u00e8re de repr\u00e9senter l&#8217;esprit durable des Jeux olympiques, qui apporte la lumi\u00e8re, l&#8217;espoir et l&#8217;unit\u00e9 \u00e0 tous. #Olympiques #Paris2024.&#8221;<BR><br \/>\nPartageant des images des coulisses sur Instagram, Salma a \u00e9crit avant l&#8217;\u00e9v\u00e8nement : &#8220;Je me pr\u00e9pare \u00e0 participer au relais de la flamme olympique \u00e0 Paris ! Je ressens l&#8217;excitation et l&#8217;unit\u00e9 qu&#8217;apportent les Jeux olympiques. Restez \u00e0 l&#8217;\u00e9coute pour plus de photos avec la torche demain.&#8221;<br \/>\n<br \/><a href=\"https:\/\/bangpremier.com\/\" target=\"_blank\" rel=\"noopener\"> Visit Bang Premier (main website) <\/a><br \/>\n<br \/><script src=\"https:\/\/geo.dailymotion.com\/player\/xt7m2.js\" data-params=\"mute=true\"><\/script><\/p>\n","protected":false},"excerpt":{"rendered":"<p>2024-07-25 15:13:20 Salma Hayek \u00e9tait fi\u00e8re d&#8217;avoir l&#8217;honneur de porter la flamme olympique. L&#8217;actrice faisait partie des 175 porteurs de flambeau qui ont aid\u00e9 \u00e0 transporter la flamme de Rambouillet&hellip;<\/p>\n","protected":false},"author":1,"featured_media":2742,"comment_status":"closed","ping_status":"open","sticky":false,"template":"","format":"standard","meta":{"footnotes":""},"categories":[1],"tags":[],"class_list":["post-2741","post","type-post","status-publish","format-standard","has-post-thumbnail","hentry","category-people"],"_links":{"self":[{"href":"https:\/\/bangpremier.fr\/index.php\/wp-json\/wp\/v2\/posts\/2741","targetHints":{"allow":["GET"]}}],"collection":[{"href":"https:\/\/bangpremier.fr\/index.php\/wp-json\/wp\/v2\/posts"}],"about":[{"href":"https:\/\/bangpremier.fr\/index.php\/wp-json\/wp\/v2\/types\/post"}],"author":[{"embeddable":true,"href":"https:\/\/bangpremier.fr\/index.php\/wp-json\/wp\/v2\/users\/1"}],"replies":[{"embeddable":true,"href":"https:\/\/bangpremier.fr\/index.php\/wp-json\/wp\/v2\/comments?post=2741"}],"version-history":[{"count":1,"href":"https:\/\/bangpremier.fr\/index.php\/wp-json\/wp\/v2\/posts\/2741\/revisions"}],"predecessor-version":[{"id":2743,"href":"https:\/\/bangpremier.fr\/index.php\/wp-json\/wp\/v2\/posts\/2741\/revisions\/2743"}],"wp:featuredmedia":[{"embeddable":true,"href":"https:\/\/bangpremier.fr\/index.php\/wp-json\/wp\/v2\/media\/2742"}],"wp:attachment":[{"href":"https:\/\/bangpremier.fr\/index.php\/wp-json\/wp\/v2\/media?parent=2741"}],"wp:term":[{"taxonomy":"category","embeddable":true,"href":"https:\/\/bangpremier.fr\/index.php\/wp-json\/wp\/v2\/categories?post=2741"},{"taxonomy":"post_tag","embeddable":true,"href":"https:\/\/bangpremier.fr\/index.php\/wp-json\/wp\/v2\/tags?post=2741"}],"curies":[{"name":"wp","href":"https:\/\/api.w.org\/{rel}","templated":true}]}}