{"id":2441,"date":"2024-07-16T10:14:34","date_gmt":"2024-07-16T10:14:34","guid":{"rendered":"https:\/\/bangpremier.fr\/index.php\/2024\/07\/16\/jane-seymour-considere-que-son-premier-mariage-ne-comptait-pas\/"},"modified":"2024-07-16T10:14:35","modified_gmt":"2024-07-16T10:14:35","slug":"jane-seymour-considere-que-son-premier-mariage-ne-comptait-pas","status":"publish","type":"post","link":"https:\/\/bangpremier.fr\/index.php\/2024\/07\/16\/jane-seymour-considere-que-son-premier-mariage-ne-comptait-pas\/","title":{"rendered":"Jane Seymour consid\u00e8re que son premier mariage &quot;ne comptait pas&quot;"},"content":{"rendered":"<p><b>2024-07-16 10:14:34<\/b><br \/>\n<BR>Jane Seymour estime que son premier mariage &#8220;ne comptait pas&#8221;.<BR><br \/>\nL&#8217;actrice de 73 ans n&#8217;avait que 20 ans lorsqu&#8217;elle a \u00e9chang\u00e9 ses v\u0153ux avec Michael Attenborough en 1971. Les tourtereaux se sont s\u00e9par\u00e9s deux ans plus tard et Jane admet qu&#8217;elle et le metteur en sc\u00e8ne savent aujourd&#8217;hui qu&#8217;ils n&#8217;auraient pas d\u00fb se marier.<BR><br \/>\nElle a d\u00e9clar\u00e9 au journal The Guardian : &#8220;Mon premier mariage, \u00e0 mon avis, n&#8217;a pas compt\u00e9. Nous \u00e9tions jeunes. Il plaisante en disant que le jour de notre mariage, nous savions que nous \u00e9tions coinc\u00e9s mais qu&#8217;il \u00e9tait trop tard pour rendre les cadeaux. Nous nous adorons toujours&#8221;.<BR><br \/>\nL&#8217;actrice a ensuite \u00e9t\u00e9 bri\u00e8vement mari\u00e9e \u00e0 Geoffrey Planer avant de se marier avec David Flynn &#8211; le p\u00e8re de ses enfants Katherine, 42 ans, et Sean, 39 ans &#8211; en 1981, dont elle a divorc\u00e9 en 1992. Un an plus tard, elle a \u00e9pous\u00e9 James Keach, avec qui elle a eu des jumeaux, John et Kristopher, aujourd&#8217;hui \u00e2g\u00e9s de 29 ans.<BR><br \/>\nPar ailleurs, Jane est fi\u00e8re d&#8217;avoir gard\u00e9 de bonnes relations avec tous ses ex-maris.<BR><br \/>\nElle a confi\u00e9 :  &#8220;Mon deuxi\u00e8me mari est probablement l&#8217;un de mes amis les plus proches  au monde. Pour le bien de mes enfants, je suis rest\u00e9e amie avec mes troisi\u00e8me et quatri\u00e8me maris, ainsi qu&#8217;avec leurs proches.&#8221;<br \/>\n<br \/><a href=\"https:\/\/bangpremier.com\/\" target=\"_blank\" rel=\"noopener\"> Visit Bang Premier (main website) <\/a><br \/>\n<br \/><script src=\"https:\/\/geo.dailymotion.com\/player\/xt7m2.js\" data-params=\"mute=true\"><\/script><\/p>\n","protected":false},"excerpt":{"rendered":"<p>2024-07-16 10:14:34 Jane Seymour estime que son premier mariage &#8220;ne comptait pas&#8221;. L&#8217;actrice de 73 ans n&#8217;avait que 20 ans lorsqu&#8217;elle a \u00e9chang\u00e9 ses v\u0153ux avec Michael Attenborough en 1971.&hellip;<\/p>\n","protected":false},"author":1,"featured_media":2442,"comment_status":"closed","ping_status":"open","sticky":false,"template":"","format":"standard","meta":{"footnotes":""},"categories":[1],"tags":[],"class_list":["post-2441","post","type-post","status-publish","format-standard","has-post-thumbnail","hentry","category-people"],"_links":{"self":[{"href":"https:\/\/bangpremier.fr\/index.php\/wp-json\/wp\/v2\/posts\/2441","targetHints":{"allow":["GET"]}}],"collection":[{"href":"https:\/\/bangpremier.fr\/index.php\/wp-json\/wp\/v2\/posts"}],"about":[{"href":"https:\/\/bangpremier.fr\/index.php\/wp-json\/wp\/v2\/types\/post"}],"author":[{"embeddable":true,"href":"https:\/\/bangpremier.fr\/index.php\/wp-json\/wp\/v2\/users\/1"}],"replies":[{"embeddable":true,"href":"https:\/\/bangpremier.fr\/index.php\/wp-json\/wp\/v2\/comments?post=2441"}],"version-history":[{"count":1,"href":"https:\/\/bangpremier.fr\/index.php\/wp-json\/wp\/v2\/posts\/2441\/revisions"}],"predecessor-version":[{"id":2443,"href":"https:\/\/bangpremier.fr\/index.php\/wp-json\/wp\/v2\/posts\/2441\/revisions\/2443"}],"wp:featuredmedia":[{"embeddable":true,"href":"https:\/\/bangpremier.fr\/index.php\/wp-json\/wp\/v2\/media\/2442"}],"wp:attachment":[{"href":"https:\/\/bangpremier.fr\/index.php\/wp-json\/wp\/v2\/media?parent=2441"}],"wp:term":[{"taxonomy":"category","embeddable":true,"href":"https:\/\/bangpremier.fr\/index.php\/wp-json\/wp\/v2\/categories?post=2441"},{"taxonomy":"post_tag","embeddable":true,"href":"https:\/\/bangpremier.fr\/index.php\/wp-json\/wp\/v2\/tags?post=2441"}],"curies":[{"name":"wp","href":"https:\/\/api.w.org\/{rel}","templated":true}]}}