{"id":2211,"date":"2024-07-08T09:53:23","date_gmt":"2024-07-08T09:53:23","guid":{"rendered":"https:\/\/bangpremier.fr\/index.php\/2024\/07\/08\/madonna-un-an-apres-son-hospitalisation-la-star-considere-son-retablissement-comme-miraculeux\/"},"modified":"2024-07-08T09:53:23","modified_gmt":"2024-07-08T09:53:23","slug":"madonna-un-an-apres-son-hospitalisation-la-star-considere-son-retablissement-comme-miraculeux","status":"publish","type":"post","link":"https:\/\/bangpremier.fr\/index.php\/2024\/07\/08\/madonna-un-an-apres-son-hospitalisation-la-star-considere-son-retablissement-comme-miraculeux\/","title":{"rendered":"Madonna : un an apr\u00e8s son hospitalisation, la star consid\u00e8re son r\u00e9tablissement comme &quot;miraculeux&quot;"},"content":{"rendered":"<p><b>2024-07-08 09:53:23<\/b><br \/>\n<BR>Madonna est revenue sur sa gu\u00e9rison &#8220;miraculeuse&#8221; d&#8217;une infection bact\u00e9rienne.<BR><br \/>\nLa chanteuse a \u00e9t\u00e9 contrainte de reporter le d\u00e9but de sa tourn\u00e9e mondiale &#8220;Celebration&#8221; en juin 2023 lorsqu&#8217;elle a \u00e9t\u00e9 prise d&#8217;une maladie &#8220;s\u00e9rieuse&#8221;, mais elle est aujourd&#8217;hui reconnaissante d&#8217;avoir \u00e9vit\u00e9 le pire.<BR><br \/>\nElle s&#8217;est exprim\u00e9e sur Instagram \u00e0 c\u00f4t\u00e9 d&#8217;une s\u00e9rie de photos c\u00e9l\u00e9brant le jour de l&#8217;Ind\u00e9pendance aux \u00c9tats-Unis : &#8220;Il y a un an aujourd&#8217;hui, je venais de rentrer de l&#8217;h\u00f4pital apr\u00e8s avoir surv\u00e9cu \u00e0 une maladie qui mettait ma vie en danger, je pouvais \u00e0 peine me tenir debout dans mon jardin pour tenir un cierge. Je me suis miraculeusement r\u00e9tablie et j&#8217;ai pass\u00e9 une ann\u00e9e extraordinaire.  La vie est belle ! Joyeux 4 juillet !&#8221;<BR><br \/>\nLe post de Madonna montrait qu&#8217;elle avait c\u00e9l\u00e9br\u00e9 le 4 juillet \u00e0 New York avec des amis, dont le photographe Steven Meisel, le designer Luar Raul Lopez, et la chanteuse Arca. <BR><br \/>\nPar ailleurs, la chanteuse a r\u00e9cemment confirm\u00e9 qu&#8217;elle avait repris le travail sur son biopic tr\u00e8s attendu, dont elle a elle-m\u00eame \u00e9crit le sc\u00e9nario. Julia Garner est toujours son premier choix pour l&#8217;incarner \u00e0 ses d\u00e9buts.<BR><br \/>\nUne source a d\u00e9clar\u00e9 \u00e0 la rubrique Bizarre du journal The Sun : &#8220;Madonna vient juste de terminer sa tourn\u00e9e, mais dans son esprit, il s&#8217;agit de passer au projet suivant et de r\u00e9aliser son r\u00eave de faire un biopic. Julia est toujours son actrice principale et elles sont rest\u00e9es en contact l&#8217;ann\u00e9e derni\u00e8re, discutant d&#8217;id\u00e9es. Elles sont d\u00e9termin\u00e9es \u00e0 cr\u00e9er quelque chose de magique.&#8221;<br \/>\n<br \/><a href=\"https:\/\/bangpremier.com\/\" target=\"_blank\" rel=\"noopener\"> Visit Bang Premier (main website) <\/a><br \/>\n<br \/><script src=\"https:\/\/geo.dailymotion.com\/player\/xt7m2.js\" data-params=\"mute=true\"><\/script><\/p>\n","protected":false},"excerpt":{"rendered":"<p>2024-07-08 09:53:23 Madonna est revenue sur sa gu\u00e9rison &#8220;miraculeuse&#8221; d&#8217;une infection bact\u00e9rienne. La chanteuse a \u00e9t\u00e9 contrainte de reporter le d\u00e9but de sa tourn\u00e9e mondiale &#8220;Celebration&#8221; en juin 2023 lorsqu&#8217;elle&hellip;<\/p>\n","protected":false},"author":1,"featured_media":634,"comment_status":"closed","ping_status":"open","sticky":false,"template":"","format":"standard","meta":{"footnotes":""},"categories":[1],"tags":[],"class_list":["post-2211","post","type-post","status-publish","format-standard","has-post-thumbnail","hentry","category-people"],"_links":{"self":[{"href":"https:\/\/bangpremier.fr\/index.php\/wp-json\/wp\/v2\/posts\/2211","targetHints":{"allow":["GET"]}}],"collection":[{"href":"https:\/\/bangpremier.fr\/index.php\/wp-json\/wp\/v2\/posts"}],"about":[{"href":"https:\/\/bangpremier.fr\/index.php\/wp-json\/wp\/v2\/types\/post"}],"author":[{"embeddable":true,"href":"https:\/\/bangpremier.fr\/index.php\/wp-json\/wp\/v2\/users\/1"}],"replies":[{"embeddable":true,"href":"https:\/\/bangpremier.fr\/index.php\/wp-json\/wp\/v2\/comments?post=2211"}],"version-history":[{"count":1,"href":"https:\/\/bangpremier.fr\/index.php\/wp-json\/wp\/v2\/posts\/2211\/revisions"}],"predecessor-version":[{"id":2212,"href":"https:\/\/bangpremier.fr\/index.php\/wp-json\/wp\/v2\/posts\/2211\/revisions\/2212"}],"wp:featuredmedia":[{"embeddable":true,"href":"https:\/\/bangpremier.fr\/index.php\/wp-json\/wp\/v2\/media\/634"}],"wp:attachment":[{"href":"https:\/\/bangpremier.fr\/index.php\/wp-json\/wp\/v2\/media?parent=2211"}],"wp:term":[{"taxonomy":"category","embeddable":true,"href":"https:\/\/bangpremier.fr\/index.php\/wp-json\/wp\/v2\/categories?post=2211"},{"taxonomy":"post_tag","embeddable":true,"href":"https:\/\/bangpremier.fr\/index.php\/wp-json\/wp\/v2\/tags?post=2211"}],"curies":[{"name":"wp","href":"https:\/\/api.w.org\/{rel}","templated":true}]}}