{"id":13979,"date":"2026-09-04T14:05:43","date_gmt":"2026-09-04T14:05:43","guid":{"rendered":"https:\/\/bangpremier.fr\/index.php\/2026\/09\/04\/george-clooney-brise-son-silence-sur-la-mort-de-sa-soeur\/"},"modified":"2026-09-04T14:05:44","modified_gmt":"2026-09-04T14:05:44","slug":"george-clooney-brise-son-silence-sur-la-mort-de-sa-soeur","status":"publish","type":"post","link":"https:\/\/bangpremier.fr\/index.php\/2026\/09\/04\/george-clooney-brise-son-silence-sur-la-mort-de-sa-soeur\/","title":{"rendered":"George Clooney brise son silence sur la mort de sa s\u0153ur"},"content":{"rendered":"<p><b>2026-09-04 14:05:42<\/b><br \/>\n<BR>George Clooney a \u00e9t\u00e9 an\u00e9anti par le d\u00e9c\u00e8s de sa s\u0153ur a\u00een\u00e9e Adelia Zeidler en d\u00e9cembre dernier. Adelia est morte \u00e0 l&#8217;\u00e2ge de 65 ans des suites d&#8217;un long combat contre le cancer et l&#8217;acteur \u00e9tait \u00e0 ses c\u00f4t\u00e9s jusqu&#8217;\u00e0 la fin.<BR><br \/>\nLors d&#8217;une masterclass au festival du film de Venise, George a r\u00e9v\u00e9l\u00e9 qu&#8217;il lui tenait la main lorsqu&#8217;elle s&#8217;est \u00e9teinte et que cette trag\u00e9die l&#8217;avait contraint \u00e0 repenser sa vie.<BR><br \/>\n&#8220;Elle est morte tr\u00e8s rapidement, et j&#8217;\u00e9tais \u00e0 ses c\u00f4t\u00e9s quand elle est d\u00e9c\u00e9d\u00e9e&#8221; a-t-il racont\u00e9.  &#8220;Et j&#8217;ai ressenti ce sentiment, en \u00e9tant avec elle, en lui tenant la main au moment de sa mort, de comprendre \u00e0 quel point tout cela est \u00e9ph\u00e9m\u00e8re. Il y a quelques minutes \u00e0 peine, elle et moi \u00e9tions encore des petits enfants ; il y a quelques minutes \u00e0 peine, nous nous tenions la main comme des petits enfants.&#8221;<BR><br \/>\nGeorge a ensuite r\u00e9v\u00e9l\u00e9 que la perte de sa s\u0153ur l\u2019avait encourag\u00e9 \u00e0 ne chercher que le bonheur dans sa vie.<BR><br \/>\n &#8220;Le temps passe vite. Et donc, nous n\u2019avons besoin de rien d\u2019autre que la joie&#8221; a ajout\u00e9 la star.<br \/>\n<br \/><a href=\"https:\/\/bangpremier.com\/\" target=\"_blank\"> Visit Bang Premier (main website) <\/a><br \/>\n<br \/><script src=\"https:\/\/geo.dailymotion.com\/player\/xt7m2.js\" data-params=\"mute=true\"><\/script><\/p>\n","protected":false},"excerpt":{"rendered":"<p>2026-09-04 14:05:42 George Clooney a \u00e9t\u00e9 an\u00e9anti par le d\u00e9c\u00e8s de sa s\u0153ur a\u00een\u00e9e Adelia Zeidler en d\u00e9cembre dernier. Adelia est morte \u00e0 l&#8217;\u00e2ge de 65 ans des suites d&#8217;un&hellip;<\/p>\n","protected":false},"author":1,"featured_media":9906,"comment_status":"closed","ping_status":"open","sticky":false,"template":"","format":"standard","meta":{"footnotes":""},"categories":[1],"tags":[],"class_list":["post-13979","post","type-post","status-publish","format-standard","has-post-thumbnail","hentry","category-people"],"_links":{"self":[{"href":"https:\/\/bangpremier.fr\/index.php\/wp-json\/wp\/v2\/posts\/13979","targetHints":{"allow":["GET"]}}],"collection":[{"href":"https:\/\/bangpremier.fr\/index.php\/wp-json\/wp\/v2\/posts"}],"about":[{"href":"https:\/\/bangpremier.fr\/index.php\/wp-json\/wp\/v2\/types\/post"}],"author":[{"embeddable":true,"href":"https:\/\/bangpremier.fr\/index.php\/wp-json\/wp\/v2\/users\/1"}],"replies":[{"embeddable":true,"href":"https:\/\/bangpremier.fr\/index.php\/wp-json\/wp\/v2\/comments?post=13979"}],"version-history":[{"count":1,"href":"https:\/\/bangpremier.fr\/index.php\/wp-json\/wp\/v2\/posts\/13979\/revisions"}],"predecessor-version":[{"id":13980,"href":"https:\/\/bangpremier.fr\/index.php\/wp-json\/wp\/v2\/posts\/13979\/revisions\/13980"}],"wp:featuredmedia":[{"embeddable":true,"href":"https:\/\/bangpremier.fr\/index.php\/wp-json\/wp\/v2\/media\/9906"}],"wp:attachment":[{"href":"https:\/\/bangpremier.fr\/index.php\/wp-json\/wp\/v2\/media?parent=13979"}],"wp:term":[{"taxonomy":"category","embeddable":true,"href":"https:\/\/bangpremier.fr\/index.php\/wp-json\/wp\/v2\/categories?post=13979"},{"taxonomy":"post_tag","embeddable":true,"href":"https:\/\/bangpremier.fr\/index.php\/wp-json\/wp\/v2\/tags?post=13979"}],"curies":[{"name":"wp","href":"https:\/\/api.w.org\/{rel}","templated":true}]}}