{"id":13969,"date":"2026-09-03T16:17:49","date_gmt":"2026-09-03T16:17:49","guid":{"rendered":"https:\/\/bangpremier.fr\/index.php\/2026\/09\/03\/billy-ray-cyrus-reagit-au-choix-de-miley-cyrus-dabandonner-leur-nom-de-famille\/"},"modified":"2026-09-03T16:17:50","modified_gmt":"2026-09-03T16:17:50","slug":"billy-ray-cyrus-reagit-au-choix-de-miley-cyrus-dabandonner-leur-nom-de-famille","status":"publish","type":"post","link":"https:\/\/bangpremier.fr\/index.php\/2026\/09\/03\/billy-ray-cyrus-reagit-au-choix-de-miley-cyrus-dabandonner-leur-nom-de-famille\/","title":{"rendered":"Billy Ray Cyrus r\u00e9agit au choix de Miley Cyrus d&#039;abandonner leur nom de famille"},"content":{"rendered":"<p><b>2026-09-03 16:17:48<\/b><br \/>\n<BR>Miley Cyrus s\u2019est rendue sur Instagram en d\u00e9but de semaine pour annoncer la sortie de son nouvel album &#8220;Bass Persuades&#8221;, r\u00e9v\u00e9lant \u00e9galement que son nom de sc\u00e8ne ne serait d\u00e9sormais que Miley.<BR><br \/>\nLe p\u00e8re de la star a \u00e9voqu\u00e9 cette d\u00e9cision dans un post publi\u00e9 sur sa page X (anciennement Twitter), en plaisantant sur le fait qu\u2019il avait \u00e9t\u00e9 le premier \u00e0 l\u2019inciter \u00e0 n\u2019utiliser qu\u2019un seul nom.<BR><br \/>\n &#8220;La famille compte plus que jamais aujourd\u2019hui&#8221; a-t-il post\u00e9. &#8220;J\u2019ai toujours appel\u00e9 ma petite fille Miley. Juste\u2026 Miley.&#8221;<BR><br \/>\nBilly a \u00e9galement soulign\u00e9 que Miley \u00e9tait en bonne compagnie en choisissant de n\u2019utiliser que son pr\u00e9nom.<BR><br \/>\n &#8220;J\u2019ai dit \u00e0 Miley hier que j\u2019\u00e9tais d\u2019accord pour qu\u2019elle n\u2019utilise que son pr\u00e9nom&#8221; a-t-il expliqu\u00e9. J\u2019ai mentionn\u00e9 Dolly et Cher. En y r\u00e9fl\u00e9chissant de plus en plus\u2026 Elvis\u2026 Prince\u2026 et ainsi de suite. C\u2019est une \u00e9volution naturelle pour une superstar l\u00e9gendaire. Et la l\u00e9gende continue ! J\u2019ai h\u00e2te d\u2019\u00e9couter le nouvel album.&#8221;<br \/>\n<br \/><a href=\"https:\/\/bangpremier.com\/\" target=\"_blank\"> Visit Bang Premier (main website) <\/a><br \/>\n<br \/><script src=\"https:\/\/geo.dailymotion.com\/player\/xt7m2.js\" data-params=\"mute=true\"><\/script><\/p>\n","protected":false},"excerpt":{"rendered":"<p>2026-09-03 16:17:48 Miley Cyrus s\u2019est rendue sur Instagram en d\u00e9but de semaine pour annoncer la sortie de son nouvel album &#8220;Bass Persuades&#8221;, r\u00e9v\u00e9lant \u00e9galement que son nom de sc\u00e8ne ne&hellip;<\/p>\n","protected":false},"author":1,"featured_media":7119,"comment_status":"closed","ping_status":"open","sticky":false,"template":"","format":"standard","meta":{"footnotes":""},"categories":[1],"tags":[],"class_list":["post-13969","post","type-post","status-publish","format-standard","has-post-thumbnail","hentry","category-people"],"_links":{"self":[{"href":"https:\/\/bangpremier.fr\/index.php\/wp-json\/wp\/v2\/posts\/13969","targetHints":{"allow":["GET"]}}],"collection":[{"href":"https:\/\/bangpremier.fr\/index.php\/wp-json\/wp\/v2\/posts"}],"about":[{"href":"https:\/\/bangpremier.fr\/index.php\/wp-json\/wp\/v2\/types\/post"}],"author":[{"embeddable":true,"href":"https:\/\/bangpremier.fr\/index.php\/wp-json\/wp\/v2\/users\/1"}],"replies":[{"embeddable":true,"href":"https:\/\/bangpremier.fr\/index.php\/wp-json\/wp\/v2\/comments?post=13969"}],"version-history":[{"count":1,"href":"https:\/\/bangpremier.fr\/index.php\/wp-json\/wp\/v2\/posts\/13969\/revisions"}],"predecessor-version":[{"id":13970,"href":"https:\/\/bangpremier.fr\/index.php\/wp-json\/wp\/v2\/posts\/13969\/revisions\/13970"}],"wp:featuredmedia":[{"embeddable":true,"href":"https:\/\/bangpremier.fr\/index.php\/wp-json\/wp\/v2\/media\/7119"}],"wp:attachment":[{"href":"https:\/\/bangpremier.fr\/index.php\/wp-json\/wp\/v2\/media?parent=13969"}],"wp:term":[{"taxonomy":"category","embeddable":true,"href":"https:\/\/bangpremier.fr\/index.php\/wp-json\/wp\/v2\/categories?post=13969"},{"taxonomy":"post_tag","embeddable":true,"href":"https:\/\/bangpremier.fr\/index.php\/wp-json\/wp\/v2\/tags?post=13969"}],"curies":[{"name":"wp","href":"https:\/\/api.w.org\/{rel}","templated":true}]}}