{"id":13955,"date":"2026-09-02T17:40:42","date_gmt":"2026-09-02T17:40:42","guid":{"rendered":"https:\/\/bangpremier.fr\/index.php\/2026\/09\/02\/john-ternus-le-nouveau-pdg-dapple-annonce-un-lancement-majeur-la-semaine-prochaine\/"},"modified":"2026-09-02T17:40:43","modified_gmt":"2026-09-02T17:40:43","slug":"john-ternus-le-nouveau-pdg-dapple-annonce-un-lancement-majeur-la-semaine-prochaine","status":"publish","type":"post","link":"https:\/\/bangpremier.fr\/index.php\/2026\/09\/02\/john-ternus-le-nouveau-pdg-dapple-annonce-un-lancement-majeur-la-semaine-prochaine\/","title":{"rendered":"John Ternus, le nouveau PDG d&#039;Apple, annonce &#039;un lancement majeur la semaine prochaine&#039;"},"content":{"rendered":"<p><b>2026-09-02 17:40:42<\/b><br \/>\n<BR>John Ternus a officiellement pris les r\u00eanes d\u2019Apple, succ\u00e9dant \u00e0 Tim Cook apr\u00e8s 15 ans \u00e0 la t\u00eate de l\u2019entreprise, et a imm\u00e9diatement laiss\u00e9 entrevoir ce qui pourrait \u00eatre l\u2019un des plus grands lancements de produits de la soci\u00e9t\u00e9 depuis des ann\u00e9es.<BR><br \/>\nDans sa premi\u00e8re note adress\u00e9e au personnel d\u2019Apple en tant que PDG, M. Ternus a d\u00e9clar\u00e9 que la soci\u00e9t\u00e9 avait un &#8220;lancement gigantesque pr\u00e9vu la semaine prochaine&#8221;, qualifiant l\u2019\u00e9v\u00e9nement de  &#8220;ph\u00e9nom\u00e9nal&#8221;.<BR><br \/>\nSelon Bloomberg, M. Ternus a \u00e9crit mardi 1er septembre 2026 dans cette note : &#8220;avons un lancement majeur la semaine prochaine qui s&#8217;annonce ph\u00e9nom\u00e9nal. Je suis tout aussi impatient de d\u00e9couvrir ce qui nous attend au-del\u00e0, notamment les produits incroyables d\u00e9j\u00e0 en cours de d\u00e9veloppement et ceux que nous n&#8217;avons m\u00eame pas encore imagin\u00e9s, mais que nous allons concevoir et cr\u00e9er ensemble.&#8221;<br \/>\n<br \/><a href=\"https:\/\/bangpremier.com\/\" target=\"_blank\"> Visit Bang Premier (main website) <\/a><br \/>\n<br \/><script src=\"https:\/\/geo.dailymotion.com\/player\/xt7m2.js\" data-params=\"mute=true\"><\/script><\/p>\n","protected":false},"excerpt":{"rendered":"<p>2026-09-02 17:40:42 John Ternus a officiellement pris les r\u00eanes d\u2019Apple, succ\u00e9dant \u00e0 Tim Cook apr\u00e8s 15 ans \u00e0 la t\u00eate de l\u2019entreprise, et a imm\u00e9diatement laiss\u00e9 entrevoir ce qui pourrait&hellip;<\/p>\n","protected":false},"author":1,"featured_media":13956,"comment_status":"closed","ping_status":"open","sticky":false,"template":"","format":"standard","meta":{"footnotes":""},"categories":[5],"tags":[],"class_list":["post-13955","post","type-post","status-publish","format-standard","has-post-thumbnail","hentry","category-technologie"],"_links":{"self":[{"href":"https:\/\/bangpremier.fr\/index.php\/wp-json\/wp\/v2\/posts\/13955","targetHints":{"allow":["GET"]}}],"collection":[{"href":"https:\/\/bangpremier.fr\/index.php\/wp-json\/wp\/v2\/posts"}],"about":[{"href":"https:\/\/bangpremier.fr\/index.php\/wp-json\/wp\/v2\/types\/post"}],"author":[{"embeddable":true,"href":"https:\/\/bangpremier.fr\/index.php\/wp-json\/wp\/v2\/users\/1"}],"replies":[{"embeddable":true,"href":"https:\/\/bangpremier.fr\/index.php\/wp-json\/wp\/v2\/comments?post=13955"}],"version-history":[{"count":1,"href":"https:\/\/bangpremier.fr\/index.php\/wp-json\/wp\/v2\/posts\/13955\/revisions"}],"predecessor-version":[{"id":13957,"href":"https:\/\/bangpremier.fr\/index.php\/wp-json\/wp\/v2\/posts\/13955\/revisions\/13957"}],"wp:featuredmedia":[{"embeddable":true,"href":"https:\/\/bangpremier.fr\/index.php\/wp-json\/wp\/v2\/media\/13956"}],"wp:attachment":[{"href":"https:\/\/bangpremier.fr\/index.php\/wp-json\/wp\/v2\/media?parent=13955"}],"wp:term":[{"taxonomy":"category","embeddable":true,"href":"https:\/\/bangpremier.fr\/index.php\/wp-json\/wp\/v2\/categories?post=13955"},{"taxonomy":"post_tag","embeddable":true,"href":"https:\/\/bangpremier.fr\/index.php\/wp-json\/wp\/v2\/tags?post=13955"}],"curies":[{"name":"wp","href":"https:\/\/api.w.org\/{rel}","templated":true}]}}