{"id":13948,"date":"2026-09-02T13:31:43","date_gmt":"2026-09-02T13:31:43","guid":{"rendered":"https:\/\/bangpremier.fr\/index.php\/2026\/09\/02\/netflix-prepare-un-documentaire-sur-matthew-perry\/"},"modified":"2026-09-02T13:31:44","modified_gmt":"2026-09-02T13:31:44","slug":"netflix-prepare-un-documentaire-sur-matthew-perry","status":"publish","type":"post","link":"https:\/\/bangpremier.fr\/index.php\/2026\/09\/02\/netflix-prepare-un-documentaire-sur-matthew-perry\/","title":{"rendered":"Netflix pr\u00e9pare un documentaire sur Matthew Perry"},"content":{"rendered":"<p><b>2026-09-02 13:31:43<\/b><br \/>\n<BR>La s\u0153ur de Matthew Perry va se livrer sur sa mort dans un documentaire. Le mois prochain, Netflix diffusera une s\u00e9rie documentaire en trois parties intitul\u00e9e &#8220;The One About Matthew Perry&#8221;, dans laquelle sa s\u0153ur, Mia Perry Bowick, livrera un t\u00e9moignage in\u00e9dit sur son d\u00e9funt fr\u00e8re. <BR><br \/>\nMatthew est d\u00e9c\u00e9d\u00e9 tragiquement en octobre 2023 \u00e0 l\u2019\u00e2ge de 54 ans des suites d\u2019une overdose accidentelle.<BR><br \/>\nMia a d\u00e9clar\u00e9 \u00e0 Tudum : &#8220;Il m\u2019a fallu du temps pour me sentir pr\u00eate \u00e0 partager ces souvenirs et \u00e0 raconter ce que cela repr\u00e9sentait d\u2019aimer Matthew malgr\u00e9 toute la complexit\u00e9 de sa vie, de le voir comme une personne \u00e0 part enti\u00e8re, pas seulement comme Chandler, ni comme quelqu\u2019un qui luttait contre la d\u00e9pendance. En tant que s\u0153ur, il a fa\u00e7onn\u00e9 la personne que je suis aujourd\u2019hui, celle que je m\u2019efforce d\u2019\u00eatre, et le travail auquel j\u2019ai consacr\u00e9 ma vie.&#8221;<BR><br \/>\nLe documentaire est r\u00e9alis\u00e9 par Mary Robertson et sortira le 27 octobre.<BR><br \/>\n&#8220;Matthew avait un c\u0153ur magnifique et un esprit g\u00e9n\u00e9reux, et m\u00eame dans ses moments les plus sombres, il parvenait encore \u00e0 vous faire rire et \u00e0 vous faire sentir aim\u00e9&#8221; a poursuivi Mia.  &#8220;J\u2019esp\u00e8re que cette s\u00e9rie permettra \u00e0 tous ceux qui l\u2019ont aim\u00e9, que ce soit personnellement ou de loin, de mieux appr\u00e9cier qui il \u00e9tait vraiment et l\u2019h\u00e9ritage qu\u2019il laisse derri\u00e8re lui.&#8221;<br \/>\n<br \/><a href=\"https:\/\/bangpremier.com\/\" target=\"_blank\"> Visit Bang Premier (main website) <\/a><br \/>\n<br \/><script src=\"https:\/\/geo.dailymotion.com\/player\/xt7m2.js\" data-params=\"mute=true\"><\/script><\/p>\n","protected":false},"excerpt":{"rendered":"<p>2026-09-02 13:31:43 La s\u0153ur de Matthew Perry va se livrer sur sa mort dans un documentaire. Le mois prochain, Netflix diffusera une s\u00e9rie documentaire en trois parties intitul\u00e9e &#8220;The One&hellip;<\/p>\n","protected":false},"author":1,"featured_media":871,"comment_status":"closed","ping_status":"open","sticky":false,"template":"","format":"standard","meta":{"footnotes":""},"categories":[1],"tags":[],"class_list":["post-13948","post","type-post","status-publish","format-standard","has-post-thumbnail","hentry","category-people"],"_links":{"self":[{"href":"https:\/\/bangpremier.fr\/index.php\/wp-json\/wp\/v2\/posts\/13948","targetHints":{"allow":["GET"]}}],"collection":[{"href":"https:\/\/bangpremier.fr\/index.php\/wp-json\/wp\/v2\/posts"}],"about":[{"href":"https:\/\/bangpremier.fr\/index.php\/wp-json\/wp\/v2\/types\/post"}],"author":[{"embeddable":true,"href":"https:\/\/bangpremier.fr\/index.php\/wp-json\/wp\/v2\/users\/1"}],"replies":[{"embeddable":true,"href":"https:\/\/bangpremier.fr\/index.php\/wp-json\/wp\/v2\/comments?post=13948"}],"version-history":[{"count":1,"href":"https:\/\/bangpremier.fr\/index.php\/wp-json\/wp\/v2\/posts\/13948\/revisions"}],"predecessor-version":[{"id":13949,"href":"https:\/\/bangpremier.fr\/index.php\/wp-json\/wp\/v2\/posts\/13948\/revisions\/13949"}],"wp:featuredmedia":[{"embeddable":true,"href":"https:\/\/bangpremier.fr\/index.php\/wp-json\/wp\/v2\/media\/871"}],"wp:attachment":[{"href":"https:\/\/bangpremier.fr\/index.php\/wp-json\/wp\/v2\/media?parent=13948"}],"wp:term":[{"taxonomy":"category","embeddable":true,"href":"https:\/\/bangpremier.fr\/index.php\/wp-json\/wp\/v2\/categories?post=13948"},{"taxonomy":"post_tag","embeddable":true,"href":"https:\/\/bangpremier.fr\/index.php\/wp-json\/wp\/v2\/tags?post=13948"}],"curies":[{"name":"wp","href":"https:\/\/api.w.org\/{rel}","templated":true}]}}