{"id":13940,"date":"2026-09-02T06:35:21","date_gmt":"2026-09-02T06:35:21","guid":{"rendered":"https:\/\/bangpremier.fr\/index.php\/2026\/09\/02\/andrew-garfield-veut-voir-un-spider-man-gay\/"},"modified":"2026-09-02T06:35:22","modified_gmt":"2026-09-02T06:35:22","slug":"andrew-garfield-veut-voir-un-spider-man-gay","status":"publish","type":"post","link":"https:\/\/bangpremier.fr\/index.php\/2026\/09\/02\/andrew-garfield-veut-voir-un-spider-man-gay\/","title":{"rendered":"Andrew Garfield veut voir un Spider-Man gay"},"content":{"rendered":"<p><b>2026-09-02 06:35:20<\/b><br \/>\n<BR>Andrew Garfield estime qu\u2019il devrait y avoir un Spider-Man gay. L&#8217;acteur de 43 ans a incarn\u00e9 le super-h\u00e9ros dans &#8220;The Amazing Spider-Man&#8221; (2012) et sa suite &#8220;The Amazing Spider-Man 2&#8221; (2014), et a \u00e9galement fait une apparition dans &#8220;Spider-Man : No Way Home&#8221; (2021). <BR><br \/>\nAndrew s\u2019\u00e9tait d\u00e9j\u00e0 prononc\u00e9 en faveur d\u2019un Spider-Man gay d\u00e8s 2013 et maintient aujourd\u2019hui ses propos, notamment apr\u00e8s la sortie en 2018 du film d\u2019animation \u201cSpider-Man : Into the Spider-Verse\u201d, qui mettait en sc\u00e8ne le premier Spider-Man noir.<BR><br \/>\nLors de son interview accord\u00e9e \u00e0 Entertainment Weekly en 2013, il avait d\u00e9clar\u00e9 : &#8220;Pourquoi ne pourrions-nous pas d\u00e9couvrir que Peter explore sa sexualit\u00e9 ? Ce n\u2019est m\u00eame pas vraiment r\u00e9volutionnaire !\u2026 Alors pourquoi ne pourrait-il pas \u00eatre gay ? Pourquoi ne pourrait-il pas \u00eatre attir\u00e9 par les gar\u00e7ons ?&#8221;<BR><br \/>\nRevenant aujourd\u2019hui sur ses propos, il a d\u00e9clar\u00e9 au magazine : &#8220;C\u2019\u00e9tait un exercice de r\u00e9bellion qui me tenait vraiment \u00e0 c\u0153ur. Je continue simplement de croire que n\u2019importe qui peut enfiler ce costume. C\u2019est justement pour cela que c\u2019est un personnage universellement appr\u00e9ci\u00e9, l\u2019un des personnages les plus aim\u00e9s de l\u2019histoire de la fiction : parce qu\u2019on ne voit ni la couleur de peau, ni le genre, ni la sexualit\u00e9. N\u2019importe qui peut s\u2019identifier \u00e0 lui.&#8221;<br \/>\n<br \/><a href=\"https:\/\/bangpremier.com\/\" target=\"_blank\"> Visit Bang Premier (main website) <\/a><br \/>\n<br \/><script src=\"https:\/\/geo.dailymotion.com\/player\/xt7m2.js\" data-params=\"mute=true\"><\/script><\/p>\n","protected":false},"excerpt":{"rendered":"<p>2026-09-02 06:35:20 Andrew Garfield estime qu\u2019il devrait y avoir un Spider-Man gay. L&#8217;acteur de 43 ans a incarn\u00e9 le super-h\u00e9ros dans &#8220;The Amazing Spider-Man&#8221; (2012) et sa suite &#8220;The Amazing&hellip;<\/p>\n","protected":false},"author":1,"featured_media":9927,"comment_status":"closed","ping_status":"open","sticky":false,"template":"","format":"standard","meta":{"footnotes":""},"categories":[1],"tags":[],"class_list":["post-13940","post","type-post","status-publish","format-standard","has-post-thumbnail","hentry","category-people"],"_links":{"self":[{"href":"https:\/\/bangpremier.fr\/index.php\/wp-json\/wp\/v2\/posts\/13940","targetHints":{"allow":["GET"]}}],"collection":[{"href":"https:\/\/bangpremier.fr\/index.php\/wp-json\/wp\/v2\/posts"}],"about":[{"href":"https:\/\/bangpremier.fr\/index.php\/wp-json\/wp\/v2\/types\/post"}],"author":[{"embeddable":true,"href":"https:\/\/bangpremier.fr\/index.php\/wp-json\/wp\/v2\/users\/1"}],"replies":[{"embeddable":true,"href":"https:\/\/bangpremier.fr\/index.php\/wp-json\/wp\/v2\/comments?post=13940"}],"version-history":[{"count":1,"href":"https:\/\/bangpremier.fr\/index.php\/wp-json\/wp\/v2\/posts\/13940\/revisions"}],"predecessor-version":[{"id":13941,"href":"https:\/\/bangpremier.fr\/index.php\/wp-json\/wp\/v2\/posts\/13940\/revisions\/13941"}],"wp:featuredmedia":[{"embeddable":true,"href":"https:\/\/bangpremier.fr\/index.php\/wp-json\/wp\/v2\/media\/9927"}],"wp:attachment":[{"href":"https:\/\/bangpremier.fr\/index.php\/wp-json\/wp\/v2\/media?parent=13940"}],"wp:term":[{"taxonomy":"category","embeddable":true,"href":"https:\/\/bangpremier.fr\/index.php\/wp-json\/wp\/v2\/categories?post=13940"},{"taxonomy":"post_tag","embeddable":true,"href":"https:\/\/bangpremier.fr\/index.php\/wp-json\/wp\/v2\/tags?post=13940"}],"curies":[{"name":"wp","href":"https:\/\/api.w.org\/{rel}","templated":true}]}}