{"id":13931,"date":"2026-09-01T13:14:02","date_gmt":"2026-09-01T13:14:02","guid":{"rendered":"https:\/\/bangpremier.fr\/index.php\/2026\/09\/01\/tupac-shakur-presque-30-ans-apres-les-faits-duane-davis-a-ete-reconnu-coupable-du-meurtre-du-rappeur\/"},"modified":"2026-09-01T13:14:04","modified_gmt":"2026-09-01T13:14:04","slug":"tupac-shakur-presque-30-ans-apres-les-faits-duane-davis-a-ete-reconnu-coupable-du-meurtre-du-rappeur","status":"publish","type":"post","link":"https:\/\/bangpremier.fr\/index.php\/2026\/09\/01\/tupac-shakur-presque-30-ans-apres-les-faits-duane-davis-a-ete-reconnu-coupable-du-meurtre-du-rappeur\/","title":{"rendered":"Tupac Shakur : presque 30 ans apr\u00e8s les faits, Duane Davis a \u00e9t\u00e9 reconnu coupable du meurtre du rappeur"},"content":{"rendered":"<p><b>2026-09-01 13:14:02<\/b><br \/>\n<BR>Duane Davis a \u00e9t\u00e9 reconnu coupable du meurtre de Tupac Shakur. Le rappeur, \u00e9galement connu sous son nom de sc\u00e8ne 2Pac, a \u00e9t\u00e9 abattu en septembre 1996 alors qu\u2019il n\u2019avait que 25 ans. Ce lundi 31 ao\u00fbt 2026, le jury n\u2019a d\u00e9lib\u00e9r\u00e9 que trois heures avant de rendre son verdict dans le cadre de son proc\u00e8s pour meurtre.<BR><br \/>\nDuane Davis, aussi connu sous le nom de Keffe D, risque la prison \u00e0 vie sans possibilit\u00e9 de lib\u00e9ration conditionnelle \u00e0 la suite de sa condamnation. La peine sera prononc\u00e9e le 13 octobre. Il a \u00e9t\u00e9 reconnu coupable de meurtre au premier degr\u00e9 avec une arme mortelle.<BR><br \/>\nDuane s&#8217;est entretenu avec la juge Carli Kierny au sujet d&#8217;un \u00e9ventuel appel, qu&#8217;il pourra r\u00e9clamer apr\u00e8s la prononciation de la peine.<BR><br \/>\nL&#8217;ancien chef de gang \u00e9tait jug\u00e9 \u00e0 Las Vegas depuis le 17 ao\u00fbt, accus\u00e9 d\u2019avoir orchestr\u00e9 la mort de Tupac Shakur. Duane a \u00e9t\u00e9 arr\u00eat\u00e9 et inculp\u00e9 de meurtre en 2023, ce qui fait de lui la seule personne \u00e0 avoir jamais \u00e9t\u00e9 arr\u00eat\u00e9e en lien avec cet incident.<br \/>\n<br \/><a href=\"https:\/\/bangpremier.com\/\" target=\"_blank\"> Visit Bang Premier (main website) <\/a><br \/>\n<br \/><script src=\"https:\/\/geo.dailymotion.com\/player\/xt7m2.js\" data-params=\"mute=true\"><\/script><\/p>\n","protected":false},"excerpt":{"rendered":"<p>2026-09-01 13:14:02 Duane Davis a \u00e9t\u00e9 reconnu coupable du meurtre de Tupac Shakur. Le rappeur, \u00e9galement connu sous son nom de sc\u00e8ne 2Pac, a \u00e9t\u00e9 abattu en septembre 1996 alors&hellip;<\/p>\n","protected":false},"author":1,"featured_media":13750,"comment_status":"closed","ping_status":"open","sticky":false,"template":"","format":"standard","meta":{"footnotes":""},"categories":[1],"tags":[],"class_list":["post-13931","post","type-post","status-publish","format-standard","has-post-thumbnail","hentry","category-people"],"_links":{"self":[{"href":"https:\/\/bangpremier.fr\/index.php\/wp-json\/wp\/v2\/posts\/13931","targetHints":{"allow":["GET"]}}],"collection":[{"href":"https:\/\/bangpremier.fr\/index.php\/wp-json\/wp\/v2\/posts"}],"about":[{"href":"https:\/\/bangpremier.fr\/index.php\/wp-json\/wp\/v2\/types\/post"}],"author":[{"embeddable":true,"href":"https:\/\/bangpremier.fr\/index.php\/wp-json\/wp\/v2\/users\/1"}],"replies":[{"embeddable":true,"href":"https:\/\/bangpremier.fr\/index.php\/wp-json\/wp\/v2\/comments?post=13931"}],"version-history":[{"count":1,"href":"https:\/\/bangpremier.fr\/index.php\/wp-json\/wp\/v2\/posts\/13931\/revisions"}],"predecessor-version":[{"id":13932,"href":"https:\/\/bangpremier.fr\/index.php\/wp-json\/wp\/v2\/posts\/13931\/revisions\/13932"}],"wp:featuredmedia":[{"embeddable":true,"href":"https:\/\/bangpremier.fr\/index.php\/wp-json\/wp\/v2\/media\/13750"}],"wp:attachment":[{"href":"https:\/\/bangpremier.fr\/index.php\/wp-json\/wp\/v2\/media?parent=13931"}],"wp:term":[{"taxonomy":"category","embeddable":true,"href":"https:\/\/bangpremier.fr\/index.php\/wp-json\/wp\/v2\/categories?post=13931"},{"taxonomy":"post_tag","embeddable":true,"href":"https:\/\/bangpremier.fr\/index.php\/wp-json\/wp\/v2\/tags?post=13931"}],"curies":[{"name":"wp","href":"https:\/\/api.w.org\/{rel}","templated":true}]}}