{"id":13922,"date":"2026-09-01T06:30:53","date_gmt":"2026-09-01T06:30:53","guid":{"rendered":"https:\/\/bangpremier.fr\/index.php\/2026\/09\/01\/lionel-messi-annonce-sa-retraite-apres-20-ans-de-carriere\/"},"modified":"2026-09-01T06:30:55","modified_gmt":"2026-09-01T06:30:55","slug":"lionel-messi-annonce-sa-retraite-apres-20-ans-de-carriere","status":"publish","type":"post","link":"https:\/\/bangpremier.fr\/index.php\/2026\/09\/01\/lionel-messi-annonce-sa-retraite-apres-20-ans-de-carriere\/","title":{"rendered":"Lionel Messi annonce sa retraite apr\u00e8s 20 ans de carri\u00e8re"},"content":{"rendered":"<p><b>2026-09-01 06:30:52<\/b><br \/>\n<BR>Lionel Messi a pris sa retraite internationale. A 39 ans, le footballeur qui a repr\u00e9sent\u00e9 l\u2019Argentine lors de six Coupes du monde a officiellement mis un terme \u00e0 sa carri\u00e8re en \u00e9quipe nationale et l&#8217;a annonc\u00e9 formellement sur Instagram.<BR><br \/>\n&#8220;Apr\u00e8s le temps qui s\u2019est \u00e9coul\u00e9 depuis la finale, et apr\u00e8s y avoir longuement r\u00e9fl\u00e9chi, je tiens \u00e0 faire savoir \u00e0 tout le monde que je prends ma retraite de l\u2019\u00e9quipe nationale\u2026&#8221; a \u00e9crit le footballeur  ce lundi 31 ao\u00fbt. &#8220;C\u2019\u00e9tait une d\u00e9cision qui m\u2019a fait mal \u2014 et qui me fait encore mal au plus profond de moi \u2014 mais je comprends que le moment est venu. Je vous jure que j\u2019ai toujours tout donn\u00e9 \u2014 pas seulement ces derni\u00e8res ann\u00e9es o\u00f9 nous avons tout gagn\u00e9, mais avant cela aussi ; j\u2019ai toujours lutt\u00e9 et tout donn\u00e9 sur le terrain pour ce maillot, afin de vous apporter de la joie et de vous rendre fiers d\u2019\u00eatre Argentins \u00e0 travers le football.&#8221;<BR><br \/>\nMessi a r\u00e9v\u00e9l\u00e9 avoir r\u00e9dig\u00e9 son communiqu\u00e9 le 21 juillet, deux jours apr\u00e8s la d\u00e9faite de l\u2019Argentine face \u00e0 l\u2019Espagne en finale de la Coupe du monde 2026. Il a expliqu\u00e9 qu\u2019apr\u00e8s le d\u00e9c\u00e8s de son p\u00e8re, Jorge Messi, survenu plus t\u00f4t ce mois-ci \u00e0 l\u2019\u00e2ge de 68 ans, il \u00e9tait &#8220;plus convaincu que jamais&#8221; d\u2019avoir pris la bonne d\u00e9cision.<BR><br \/>\nLe capitaine de l\u2019Inter Miami a conclu : &#8220;J\u2019aime, j\u2019ai aim\u00e9 et j\u2019aimerai toujours faire partie de l\u2019\u00e9quipe nationale. J\u2019ai donn\u00e9 tout ce que j\u2019avais ; j&#8217;ai tout donn\u00e9 ; je n&#8217;ai plus rien \u00e0 donner, et puis il y a de superbes jeunes joueurs qui montent et qui m\u00e9ritent d&#8217;\u00eatre l\u00e0. (&#8230;)   Je pars avec la s\u00e9r\u00e9nit\u00e9 et la fiert\u00e9 de vous avoir offert \u2014 aux c\u00f4t\u00e9s de mes co\u00e9quipiers \u2014 des moments dont nous ne pouvions autrefois que r\u00eaver. Ce fut une exp\u00e9rience incroyable de vivre cela avec vous tous. Je vous aime ! Merci, mon Dieu, de m\u2019avoir fait Argentin. Allez, l\u2019Argentine !&#8221;<br \/>\n<br \/><a href=\"https:\/\/bangpremier.com\/\" target=\"_blank\"> Visit Bang Premier (main website) <\/a><br \/>\n<br \/><script src=\"https:\/\/geo.dailymotion.com\/player\/xt7m2.js\" data-params=\"mute=true\"><\/script><\/p>\n","protected":false},"excerpt":{"rendered":"<p>2026-09-01 06:30:52 Lionel Messi a pris sa retraite internationale. A 39 ans, le footballeur qui a repr\u00e9sent\u00e9 l\u2019Argentine lors de six Coupes du monde a officiellement mis un terme \u00e0&hellip;<\/p>\n","protected":false},"author":1,"featured_media":13923,"comment_status":"closed","ping_status":"open","sticky":false,"template":"","format":"standard","meta":{"footnotes":""},"categories":[1],"tags":[],"class_list":["post-13922","post","type-post","status-publish","format-standard","has-post-thumbnail","hentry","category-people"],"_links":{"self":[{"href":"https:\/\/bangpremier.fr\/index.php\/wp-json\/wp\/v2\/posts\/13922","targetHints":{"allow":["GET"]}}],"collection":[{"href":"https:\/\/bangpremier.fr\/index.php\/wp-json\/wp\/v2\/posts"}],"about":[{"href":"https:\/\/bangpremier.fr\/index.php\/wp-json\/wp\/v2\/types\/post"}],"author":[{"embeddable":true,"href":"https:\/\/bangpremier.fr\/index.php\/wp-json\/wp\/v2\/users\/1"}],"replies":[{"embeddable":true,"href":"https:\/\/bangpremier.fr\/index.php\/wp-json\/wp\/v2\/comments?post=13922"}],"version-history":[{"count":1,"href":"https:\/\/bangpremier.fr\/index.php\/wp-json\/wp\/v2\/posts\/13922\/revisions"}],"predecessor-version":[{"id":13924,"href":"https:\/\/bangpremier.fr\/index.php\/wp-json\/wp\/v2\/posts\/13922\/revisions\/13924"}],"wp:featuredmedia":[{"embeddable":true,"href":"https:\/\/bangpremier.fr\/index.php\/wp-json\/wp\/v2\/media\/13923"}],"wp:attachment":[{"href":"https:\/\/bangpremier.fr\/index.php\/wp-json\/wp\/v2\/media?parent=13922"}],"wp:term":[{"taxonomy":"category","embeddable":true,"href":"https:\/\/bangpremier.fr\/index.php\/wp-json\/wp\/v2\/categories?post=13922"},{"taxonomy":"post_tag","embeddable":true,"href":"https:\/\/bangpremier.fr\/index.php\/wp-json\/wp\/v2\/tags?post=13922"}],"curies":[{"name":"wp","href":"https:\/\/api.w.org\/{rel}","templated":true}]}}