{"id":12268,"date":"2026-04-30T10:34:21","date_gmt":"2026-04-30T10:34:21","guid":{"rendered":"https:\/\/bangpremier.fr\/index.php\/2026\/04\/30\/meryl-streep-revele-pourquoi-elle-a-failli-ne-pas-jouer-dans-le-diable-shabille-en-prada\/"},"modified":"2026-04-30T10:34:22","modified_gmt":"2026-04-30T10:34:22","slug":"meryl-streep-revele-pourquoi-elle-a-failli-ne-pas-jouer-dans-le-diable-shabille-en-prada","status":"publish","type":"post","link":"https:\/\/bangpremier.fr\/index.php\/2026\/04\/30\/meryl-streep-revele-pourquoi-elle-a-failli-ne-pas-jouer-dans-le-diable-shabille-en-prada\/","title":{"rendered":"Meryl Streep r\u00e9v\u00e8le pourquoi elle a failli ne pas jouer dans &#039;Le diable s&#039;habille en Prada&#039;"},"content":{"rendered":"<p><b>2026-04-30 10:34:20<\/b><br \/>\n<BR>Meryl Streep \u00e9tait pr\u00eate \u00e0 prendre sa retraite avant de jouer dans \u201cLe Diable s&#8217;habille en Prada\u201d.\u00a0L&#8217;actrice a failli\u00a0ne pas incarner Miranda Priestly\u00a0dans le film culte sorti en 2006 mais c&#8217;est une demande salariale qui lui a permis de changer d&#8217;avis.<BR><br \/>\n\u00a0Invit\u00e9e dans l&#8217;\u00e9mission TODAY de NBC, la star a expliqu\u00e9 : \u201cIls m&#8217;ont appel\u00e9e, m&#8217;ont fait une offre, et j&#8217;ai r\u00e9pondu &#8216;Non, je ne le ferai pas&#8217;. Mais je savais que \u00e7a allait \u00eatre un succ\u00e8s et je voulais voir s\u2019ils acceptaient si je doublais ma demande\u2026Et ils ont tout de suite r\u00e9pondu &#8216;Bien s\u00fbr.&#8217; Et je me suis dit : j\u2019ai 50, 60 ans, il m\u2019a fallu tout ce temps pour comprendre que je pouvais faire \u00e7a. J\u2019avais l\u2019impression qu\u2019ils avaient besoin de moi. J\u2019\u00e9tais pr\u00eate \u00e0 prendre ma retraite, mais \u00e7a a \u00e9t\u00e9 une le\u00e7on.\u201d<BR><br \/>\nVingt ans plus tard, l\u2019actrice\u00a0est de retour dans le r\u00f4le de Miranda dans\u00a0&#8220;Le Diable s\u2019habille en Prada 2&#8221;, aux c\u00f4t\u00e9s d&#8217;Anne Hathaway et Emily Blunt.<br \/>\n<br \/><a href=\"https:\/\/bangpremier.com\/\" target=\"_blank\"> Visit Bang Premier (main website) <\/a><br \/>\n<br \/><script src=\"https:\/\/geo.dailymotion.com\/player\/xt7m2.js\" data-params=\"mute=true\"><\/script><\/p>\n","protected":false},"excerpt":{"rendered":"<p>2026-04-30 10:34:20 Meryl Streep \u00e9tait pr\u00eate \u00e0 prendre sa retraite avant de jouer dans \u201cLe Diable s&#8217;habille en Prada\u201d.\u00a0L&#8217;actrice a failli\u00a0ne pas incarner Miranda Priestly\u00a0dans le film culte sorti en&hellip;<\/p>\n","protected":false},"author":1,"featured_media":12269,"comment_status":"closed","ping_status":"open","sticky":false,"template":"","format":"standard","meta":{"footnotes":""},"categories":[1],"tags":[],"class_list":["post-12268","post","type-post","status-publish","format-standard","has-post-thumbnail","hentry","category-people"],"_links":{"self":[{"href":"https:\/\/bangpremier.fr\/index.php\/wp-json\/wp\/v2\/posts\/12268","targetHints":{"allow":["GET"]}}],"collection":[{"href":"https:\/\/bangpremier.fr\/index.php\/wp-json\/wp\/v2\/posts"}],"about":[{"href":"https:\/\/bangpremier.fr\/index.php\/wp-json\/wp\/v2\/types\/post"}],"author":[{"embeddable":true,"href":"https:\/\/bangpremier.fr\/index.php\/wp-json\/wp\/v2\/users\/1"}],"replies":[{"embeddable":true,"href":"https:\/\/bangpremier.fr\/index.php\/wp-json\/wp\/v2\/comments?post=12268"}],"version-history":[{"count":1,"href":"https:\/\/bangpremier.fr\/index.php\/wp-json\/wp\/v2\/posts\/12268\/revisions"}],"predecessor-version":[{"id":12270,"href":"https:\/\/bangpremier.fr\/index.php\/wp-json\/wp\/v2\/posts\/12268\/revisions\/12270"}],"wp:featuredmedia":[{"embeddable":true,"href":"https:\/\/bangpremier.fr\/index.php\/wp-json\/wp\/v2\/media\/12269"}],"wp:attachment":[{"href":"https:\/\/bangpremier.fr\/index.php\/wp-json\/wp\/v2\/media?parent=12268"}],"wp:term":[{"taxonomy":"category","embeddable":true,"href":"https:\/\/bangpremier.fr\/index.php\/wp-json\/wp\/v2\/categories?post=12268"},{"taxonomy":"post_tag","embeddable":true,"href":"https:\/\/bangpremier.fr\/index.php\/wp-json\/wp\/v2\/tags?post=12268"}],"curies":[{"name":"wp","href":"https:\/\/api.w.org\/{rel}","templated":true}]}}