{"id":12265,"date":"2026-04-30T09:09:28","date_gmt":"2026-04-30T09:09:28","guid":{"rendered":"https:\/\/bangpremier.fr\/index.php\/2026\/04\/30\/mort-de-rob-et-michele-reiner-lenquete-est-a-nouveau-retardee\/"},"modified":"2026-04-30T09:09:33","modified_gmt":"2026-04-30T09:09:33","slug":"mort-de-rob-et-michele-reiner-lenquete-est-a-nouveau-retardee","status":"publish","type":"post","link":"https:\/\/bangpremier.fr\/index.php\/2026\/04\/30\/mort-de-rob-et-michele-reiner-lenquete-est-a-nouveau-retardee\/","title":{"rendered":"Mort de Rob et Michele Reiner : l\u2019enqu\u00eate est \u00e0 nouveau retard\u00e9e"},"content":{"rendered":"<p><b>2026-04-30 09:09:28<\/b><br \/>\n<BR>Le proc\u00e8s  de Nick Reiner ne d\u00e9butera pas avant septembre. Ag\u00e9 de 32 ans, Nick a \u00e9t\u00e9 inculp\u00e9 pour le meurtre de ses parents, le cin\u00e9aste Rob Reiner, 78 ans, et son \u00e9pouse Michele Singer Reiner, 70 ans. Ces derniers ont \u00e9t\u00e9 retrouv\u00e9s poignard\u00e9s \u00e0 mort \u00e0 leur domicile de Californie le 14 d\u00e9cembre 2025. Il a plaid\u00e9 non coupable en f\u00e9vrier.<BR><br \/>\nLors d&#8217;une br\u00e8ve audience \u00e0 Los Angeles mercredi 29 avril, les autorit\u00e9s ont expliqu\u00e9 que la publication des rapports d&#8217;autopsie du couple avait pris du retard. <BR><br \/>\nSelon le Los Angeles Times, le procureur adjoint Jonathan Chung a admis que les procureurs avaient encore pr\u00e8s de deux t\u00e9raoctets de pi\u00e8ces \u00e0 fournir \u00e0 la d\u00e9fense et que les rapports d&#8217;autopsie dans cette affaire n&#8217;\u00e9taient pas encore termin\u00e9s. On ignore pourquoi les rapports n&#8217;ont pas \u00e9t\u00e9 finalis\u00e9s. Un porte-parole du m\u00e9decin l\u00e9giste du comt\u00e9 de Los Angeles a expliqu\u00e9 que les deux dossiers restaient \u201csous s\u00e9questre pour des raisons de s\u00e9curit\u00e9, sur ordre du tribunal, \u00e0 l&#8217;initiative du d\u00e9partement de police de Los Angeles.\u201d<BR><br \/>\nNick compara\u00eetra \u00e0 une audience pr\u00e9liminaire le 15 septembre.<br \/>\n<br \/><a href=\"https:\/\/bangpremier.com\/\" target=\"_blank\"> Visit Bang Premier (main website) <\/a><br \/>\n<br \/><script src=\"https:\/\/geo.dailymotion.com\/player\/xt7m2.js\" data-params=\"mute=true\"><\/script><\/p>\n","protected":false},"excerpt":{"rendered":"<p>2026-04-30 09:09:28 Le proc\u00e8s de Nick Reiner ne d\u00e9butera pas avant septembre. Ag\u00e9 de 32 ans, Nick a \u00e9t\u00e9 inculp\u00e9 pour le meurtre de ses parents, le cin\u00e9aste Rob Reiner,&hellip;<\/p>\n","protected":false},"author":1,"featured_media":12266,"comment_status":"closed","ping_status":"open","sticky":false,"template":"","format":"standard","meta":{"footnotes":""},"categories":[1],"tags":[],"class_list":["post-12265","post","type-post","status-publish","format-standard","has-post-thumbnail","hentry","category-people"],"_links":{"self":[{"href":"https:\/\/bangpremier.fr\/index.php\/wp-json\/wp\/v2\/posts\/12265","targetHints":{"allow":["GET"]}}],"collection":[{"href":"https:\/\/bangpremier.fr\/index.php\/wp-json\/wp\/v2\/posts"}],"about":[{"href":"https:\/\/bangpremier.fr\/index.php\/wp-json\/wp\/v2\/types\/post"}],"author":[{"embeddable":true,"href":"https:\/\/bangpremier.fr\/index.php\/wp-json\/wp\/v2\/users\/1"}],"replies":[{"embeddable":true,"href":"https:\/\/bangpremier.fr\/index.php\/wp-json\/wp\/v2\/comments?post=12265"}],"version-history":[{"count":1,"href":"https:\/\/bangpremier.fr\/index.php\/wp-json\/wp\/v2\/posts\/12265\/revisions"}],"predecessor-version":[{"id":12267,"href":"https:\/\/bangpremier.fr\/index.php\/wp-json\/wp\/v2\/posts\/12265\/revisions\/12267"}],"wp:featuredmedia":[{"embeddable":true,"href":"https:\/\/bangpremier.fr\/index.php\/wp-json\/wp\/v2\/media\/12266"}],"wp:attachment":[{"href":"https:\/\/bangpremier.fr\/index.php\/wp-json\/wp\/v2\/media?parent=12265"}],"wp:term":[{"taxonomy":"category","embeddable":true,"href":"https:\/\/bangpremier.fr\/index.php\/wp-json\/wp\/v2\/categories?post=12265"},{"taxonomy":"post_tag","embeddable":true,"href":"https:\/\/bangpremier.fr\/index.php\/wp-json\/wp\/v2\/tags?post=12265"}],"curies":[{"name":"wp","href":"https:\/\/api.w.org\/{rel}","templated":true}]}}