{"id":12258,"date":"2026-04-29T15:15:29","date_gmt":"2026-04-29T15:15:29","guid":{"rendered":"https:\/\/bangpremier.fr\/index.php\/2026\/04\/29\/meta-enfreint-la-legislation-europeenne-visant-a-empecher-les-moins-de-13-ans-dutiliser-les-reseaux-sociaux\/"},"modified":"2026-04-29T15:15:30","modified_gmt":"2026-04-29T15:15:30","slug":"meta-enfreint-la-legislation-europeenne-visant-a-empecher-les-moins-de-13-ans-dutiliser-les-reseaux-sociaux","status":"publish","type":"post","link":"https:\/\/bangpremier.fr\/index.php\/2026\/04\/29\/meta-enfreint-la-legislation-europeenne-visant-a-empecher-les-moins-de-13-ans-dutiliser-les-reseaux-sociaux\/","title":{"rendered":"Meta enfreint la l\u00e9gislation europ\u00e9enne visant \u00e0 emp\u00eacher les moins de 13 ans d&#039;utiliser les r\u00e9seaux sociaux"},"content":{"rendered":"<p><b>2026-04-29 15:15:29<\/b><br \/>\n<BR>Meta a \u00e9t\u00e9 reconnue coupable d&#8217;avoir enfreint la l\u00e9gislation de l&#8217;Union europ\u00e9enne (UE) pour n&#8217;avoir pas emp\u00each\u00e9 les enfants de moins de 13 ans d&#8217;utiliser Facebook et Instagram.<BR><br \/>\nLa Commission europ\u00e9enne a publi\u00e9 mercredi 29 avril 2026 les conclusions pr\u00e9liminaires d&#8217;une enqu\u00eate men\u00e9e pendant deux ans et a d\u00e9clar\u00e9 que l&#8217;entreprise n&#8217;avait pas mis en place de mesures efficaces pour emp\u00eacher les moins de 13 ans d&#8217;acc\u00e9der \u00e0 ses services.<BR><br \/>\nLa Commission a d\u00e9clar\u00e9 que l&#8217;entreprise n&#8217;\u00e9tait pas en mesure de respecter ses propres conditions g\u00e9n\u00e9rales, qui fixent \u00e0 13 ans l&#8217;\u00e2ge minimum pour un acc\u00e8s s\u00e9curis\u00e9 \u00e0 Facebook et Instagram.<BR><br \/>\nApr\u00e8s une premi\u00e8re \u00e9valuation, Meta a \u00e9t\u00e9 jug\u00e9e en infraction avec la loi europ\u00e9enne sur les services num\u00e9riques (DSA), qui lui impose d'&#8221;identifier et d&#8217;att\u00e9nuer avec diligence les risques&#8221; li\u00e9s \u00e0 l&#8217;utilisation de ses plateformes par des enfants de moins de 13 ans.<BR><br \/>\nLa Commission a soulign\u00e9 que ses conclusions pr\u00e9liminaires &#8220;ne pr\u00e9jugent pas de l&#8217;issue finale de cette enqu\u00eate&#8221;.<BR><br \/>\nUn porte-parole de Meta a d\u00e9clar\u00e9 que l&#8217;entreprise contestait ces conclusions, affirmant : &#8220;Nous sommes clairs sur le fait qu&#8217;Instagram et Facebook sont destin\u00e9s aux personnes \u00e2g\u00e9es de 13 ans et plus, et nous avons mis en place des mesures pour d\u00e9tecter et supprimer les comptes de toute personne n&#8217;ayant pas atteint cet \u00e2ge. Nous continuons d&#8217;investir dans des technologies permettant de rep\u00e9rer et de supprimer les utilisateurs mineurs, et nous aurons davantage d&#8217;informations \u00e0 partager la semaine prochaine concernant des mesures suppl\u00e9mentaires qui seront bient\u00f4t mises en place.&#8221;<BR><br \/>\nLe porte-parole a fait valoir que la v\u00e9rification de l&#8217;\u00e2ge des utilisateurs constituait &#8220;un d\u00e9fi \u00e0 l&#8217;\u00e9chelle du secteur, qui n\u00e9cessite une solution \u00e0 l&#8217;\u00e9chelle du secteur&#8221; et que Meta continuait de &#8220;collaborer de mani\u00e8re constructive avec la commission.&#8221;<br \/>\n<br \/><a href=\"https:\/\/bangpremier.com\/\" target=\"_blank\"> Visit Bang Premier (main website) <\/a><br \/>\n<br \/><script src=\"https:\/\/geo.dailymotion.com\/player\/xt7m2.js\" data-params=\"mute=true\"><\/script><\/p>\n","protected":false},"excerpt":{"rendered":"<p>2026-04-29 15:15:29 Meta a \u00e9t\u00e9 reconnue coupable d&#8217;avoir enfreint la l\u00e9gislation de l&#8217;Union europ\u00e9enne (UE) pour n&#8217;avoir pas emp\u00each\u00e9 les enfants de moins de 13 ans d&#8217;utiliser Facebook et Instagram.&hellip;<\/p>\n","protected":false},"author":1,"featured_media":586,"comment_status":"closed","ping_status":"open","sticky":false,"template":"","format":"standard","meta":{"footnotes":""},"categories":[5],"tags":[],"class_list":["post-12258","post","type-post","status-publish","format-standard","has-post-thumbnail","hentry","category-technologie"],"_links":{"self":[{"href":"https:\/\/bangpremier.fr\/index.php\/wp-json\/wp\/v2\/posts\/12258","targetHints":{"allow":["GET"]}}],"collection":[{"href":"https:\/\/bangpremier.fr\/index.php\/wp-json\/wp\/v2\/posts"}],"about":[{"href":"https:\/\/bangpremier.fr\/index.php\/wp-json\/wp\/v2\/types\/post"}],"author":[{"embeddable":true,"href":"https:\/\/bangpremier.fr\/index.php\/wp-json\/wp\/v2\/users\/1"}],"replies":[{"embeddable":true,"href":"https:\/\/bangpremier.fr\/index.php\/wp-json\/wp\/v2\/comments?post=12258"}],"version-history":[{"count":1,"href":"https:\/\/bangpremier.fr\/index.php\/wp-json\/wp\/v2\/posts\/12258\/revisions"}],"predecessor-version":[{"id":12259,"href":"https:\/\/bangpremier.fr\/index.php\/wp-json\/wp\/v2\/posts\/12258\/revisions\/12259"}],"wp:featuredmedia":[{"embeddable":true,"href":"https:\/\/bangpremier.fr\/index.php\/wp-json\/wp\/v2\/media\/586"}],"wp:attachment":[{"href":"https:\/\/bangpremier.fr\/index.php\/wp-json\/wp\/v2\/media?parent=12258"}],"wp:term":[{"taxonomy":"category","embeddable":true,"href":"https:\/\/bangpremier.fr\/index.php\/wp-json\/wp\/v2\/categories?post=12258"},{"taxonomy":"post_tag","embeddable":true,"href":"https:\/\/bangpremier.fr\/index.php\/wp-json\/wp\/v2\/tags?post=12258"}],"curies":[{"name":"wp","href":"https:\/\/api.w.org\/{rel}","templated":true}]}}