{"id":12256,"date":"2026-04-29T13:38:37","date_gmt":"2026-04-29T13:38:37","guid":{"rendered":"https:\/\/bangpremier.fr\/index.php\/2026\/04\/29\/ed-sheeran-a-passe-un-mois-a-lutter-contre-un-probleme-de-sante\/"},"modified":"2026-04-29T13:38:39","modified_gmt":"2026-04-29T13:38:39","slug":"ed-sheeran-a-passe-un-mois-a-lutter-contre-un-probleme-de-sante","status":"publish","type":"post","link":"https:\/\/bangpremier.fr\/index.php\/2026\/04\/29\/ed-sheeran-a-passe-un-mois-a-lutter-contre-un-probleme-de-sante\/","title":{"rendered":"Ed Sheeran a pass\u00e9 un mois \u00e0 lutter contre un probl\u00e8me de sant\u00e9"},"content":{"rendered":"<p><b>2026-04-29 13:38:36<\/b><br \/>\n<BR>Ed Sheeran a fait part d\u2019une mauvaise nouvelle \u00e0 ses fans sur Instagram. La star a effectivement r\u00e9v\u00e9l\u00e9 avoir \u00e9t\u00e9 mal en point et avoir subi plusieurs semaines de convalescence \u00e0 cause d\u2019un probl\u00e8me m\u00e9dical. <BR><br \/>\nDans la m\u00eame publication, Ed a \u00e9galement annonc\u00e9 \u00e0 ses fans qu&#8217;il avait ras\u00e9 sa fameuse chevelure rousse.<BR><br \/>\n&#8220;Oui, je me suis ras\u00e9 les cheveux&#8221; a-t-il r\u00e9v\u00e9l\u00e9 \u00e0 ses fans. &#8220;Je voulais les raser pour marquer un nouveau d\u00e9part. Il y a beaucoup de nouveaux d\u00e9parts dans ma vie en ce moment. J&#8217;adore \u00e7a, je pense que je vais garder cette coupe.&#8221;<BR><br \/>\nEd a confi\u00e9 avoir souffert d&#8217;un zona et avoir travers\u00e9 une longue convalescence dont il commence seulement \u00e0 sortir.<BR><br \/>\n&#8220;J&#8217;ai eu un zona le mois dernier, je ne le recommande pas, mais je suis en voie de gu\u00e9rison maintenant&#8221; a-t-il expliqu\u00e9. <BR><br \/>\nUn zona est une affection douloureuse qui provoque une \u00e9ruption cutan\u00e9e d\u00e9sagr\u00e9able due \u00e0 la r\u00e9activation du virus de la varicelle.<br \/>\n<br \/><a href=\"https:\/\/bangpremier.com\/\" target=\"_blank\"> Visit Bang Premier (main website) <\/a><br \/>\n<br \/><script src=\"https:\/\/geo.dailymotion.com\/player\/xt7m2.js\" data-params=\"mute=true\"><\/script><\/p>\n","protected":false},"excerpt":{"rendered":"<p>2026-04-29 13:38:36 Ed Sheeran a fait part d\u2019une mauvaise nouvelle \u00e0 ses fans sur Instagram. La star a effectivement r\u00e9v\u00e9l\u00e9 avoir \u00e9t\u00e9 mal en point et avoir subi plusieurs semaines&hellip;<\/p>\n","protected":false},"author":1,"featured_media":6435,"comment_status":"closed","ping_status":"open","sticky":false,"template":"","format":"standard","meta":{"footnotes":""},"categories":[1],"tags":[],"class_list":["post-12256","post","type-post","status-publish","format-standard","has-post-thumbnail","hentry","category-people"],"_links":{"self":[{"href":"https:\/\/bangpremier.fr\/index.php\/wp-json\/wp\/v2\/posts\/12256","targetHints":{"allow":["GET"]}}],"collection":[{"href":"https:\/\/bangpremier.fr\/index.php\/wp-json\/wp\/v2\/posts"}],"about":[{"href":"https:\/\/bangpremier.fr\/index.php\/wp-json\/wp\/v2\/types\/post"}],"author":[{"embeddable":true,"href":"https:\/\/bangpremier.fr\/index.php\/wp-json\/wp\/v2\/users\/1"}],"replies":[{"embeddable":true,"href":"https:\/\/bangpremier.fr\/index.php\/wp-json\/wp\/v2\/comments?post=12256"}],"version-history":[{"count":1,"href":"https:\/\/bangpremier.fr\/index.php\/wp-json\/wp\/v2\/posts\/12256\/revisions"}],"predecessor-version":[{"id":12257,"href":"https:\/\/bangpremier.fr\/index.php\/wp-json\/wp\/v2\/posts\/12256\/revisions\/12257"}],"wp:featuredmedia":[{"embeddable":true,"href":"https:\/\/bangpremier.fr\/index.php\/wp-json\/wp\/v2\/media\/6435"}],"wp:attachment":[{"href":"https:\/\/bangpremier.fr\/index.php\/wp-json\/wp\/v2\/media?parent=12256"}],"wp:term":[{"taxonomy":"category","embeddable":true,"href":"https:\/\/bangpremier.fr\/index.php\/wp-json\/wp\/v2\/categories?post=12256"},{"taxonomy":"post_tag","embeddable":true,"href":"https:\/\/bangpremier.fr\/index.php\/wp-json\/wp\/v2\/tags?post=12256"}],"curies":[{"name":"wp","href":"https:\/\/api.w.org\/{rel}","templated":true}]}}