{"id":12249,"date":"2026-04-29T11:04:54","date_gmt":"2026-04-29T11:04:54","guid":{"rendered":"https:\/\/bangpremier.fr\/index.php\/2026\/04\/29\/victoria-beckham-revele-la-tenue-de-spice-girl-que-sa-fille-na-pas-le-droit-de-porter\/"},"modified":"2026-04-29T11:04:55","modified_gmt":"2026-04-29T11:04:55","slug":"victoria-beckham-revele-la-tenue-de-spice-girl-que-sa-fille-na-pas-le-droit-de-porter","status":"publish","type":"post","link":"https:\/\/bangpremier.fr\/index.php\/2026\/04\/29\/victoria-beckham-revele-la-tenue-de-spice-girl-que-sa-fille-na-pas-le-droit-de-porter\/","title":{"rendered":"Victoria Beckham r\u00e9v\u00e8le la tenue de Spice Girl que sa fille n&#039;a pas le droit de porter"},"content":{"rendered":"<p><b>2026-04-29 11:04:53<\/b><br \/>\n<BR>ujourd&#8217;hui cr\u00e9atrice de mode apr\u00e8s avoir perc\u00e9 au sein des Spice Girls, Victoria Beckham adore la mode et a transmis son amour des habits \u00e0 sa fille adolescente Harper, 14 ans. La star a d&#8217;ailleurs admis que la jeune fille souhaite d\u00e9j\u00e0 porter les costumes embl\u00e9matiques que sa m\u00e8re a port\u00e9 au long de sa carri\u00e8re musicale. Victoria est toutefois cat\u00e9gorique sur un point : elle ne laissera pas sa fille porter une tenue en particulier.<BR><br \/>\nLors d\u2019une conf\u00e9rence organis\u00e9e dans le cadre du Time 100 Summit \u00e0 New York la semaine derni\u00e8re, la star a d\u00e9clar\u00e9 : &#8220;Harper adore la mode, et je suis presque s\u00fbre qu\u2019elle adorerait mettre la main sur les costumes des Spice Girls\u2026 Mais pas la combinaison en PVC pour l\u2019instant. Elle a 14 ans, d\u2019accord, donc on va attendre pour \u00e7a.&#8221;<BR><br \/>\nVictoria faisait r\u00e9f\u00e9rence \u00e0 la combinaison noire moulante qu&#8217;elle portait dans le clip culte  &#8220;Say You&#8217;ll Be There&#8221;.<BR><br \/>\n&#8220;Harper est assise sur mes genoux pendant les r\u00e9unions de d\u00e9veloppement de produits depuis qu\u2019elle est b\u00e9b\u00e9&#8221; a-t-elle ajout\u00e9. &#8220;Ca l&#8217;obs\u00e8de autant que moi.&#8221;<br \/>\n<br \/><a href=\"https:\/\/bangpremier.com\/\" target=\"_blank\"> Visit Bang Premier (main website) <\/a><br \/>\n<br \/><script src=\"https:\/\/geo.dailymotion.com\/player\/xt7m2.js\" data-params=\"mute=true\"><\/script><\/p>\n","protected":false},"excerpt":{"rendered":"<p>2026-04-29 11:04:53 ujourd&#8217;hui cr\u00e9atrice de mode apr\u00e8s avoir perc\u00e9 au sein des Spice Girls, Victoria Beckham adore la mode et a transmis son amour des habits \u00e0 sa fille adolescente&hellip;<\/p>\n","protected":false},"author":1,"featured_media":5688,"comment_status":"closed","ping_status":"open","sticky":false,"template":"","format":"standard","meta":{"footnotes":""},"categories":[1],"tags":[],"class_list":["post-12249","post","type-post","status-publish","format-standard","has-post-thumbnail","hentry","category-people"],"_links":{"self":[{"href":"https:\/\/bangpremier.fr\/index.php\/wp-json\/wp\/v2\/posts\/12249","targetHints":{"allow":["GET"]}}],"collection":[{"href":"https:\/\/bangpremier.fr\/index.php\/wp-json\/wp\/v2\/posts"}],"about":[{"href":"https:\/\/bangpremier.fr\/index.php\/wp-json\/wp\/v2\/types\/post"}],"author":[{"embeddable":true,"href":"https:\/\/bangpremier.fr\/index.php\/wp-json\/wp\/v2\/users\/1"}],"replies":[{"embeddable":true,"href":"https:\/\/bangpremier.fr\/index.php\/wp-json\/wp\/v2\/comments?post=12249"}],"version-history":[{"count":1,"href":"https:\/\/bangpremier.fr\/index.php\/wp-json\/wp\/v2\/posts\/12249\/revisions"}],"predecessor-version":[{"id":12250,"href":"https:\/\/bangpremier.fr\/index.php\/wp-json\/wp\/v2\/posts\/12249\/revisions\/12250"}],"wp:featuredmedia":[{"embeddable":true,"href":"https:\/\/bangpremier.fr\/index.php\/wp-json\/wp\/v2\/media\/5688"}],"wp:attachment":[{"href":"https:\/\/bangpremier.fr\/index.php\/wp-json\/wp\/v2\/media?parent=12249"}],"wp:term":[{"taxonomy":"category","embeddable":true,"href":"https:\/\/bangpremier.fr\/index.php\/wp-json\/wp\/v2\/categories?post=12249"},{"taxonomy":"post_tag","embeddable":true,"href":"https:\/\/bangpremier.fr\/index.php\/wp-json\/wp\/v2\/tags?post=12249"}],"curies":[{"name":"wp","href":"https:\/\/api.w.org\/{rel}","templated":true}]}}