{"id":12216,"date":"2026-04-27T15:01:30","date_gmt":"2026-04-27T15:01:30","guid":{"rendered":"https:\/\/bangpremier.fr\/index.php\/2026\/04\/27\/apple-sapprete-a-lancer-une-nouvelle-gamme-ultra-comprenant-un-iphone-pliable\/"},"modified":"2026-04-27T15:01:32","modified_gmt":"2026-04-27T15:01:32","slug":"apple-sapprete-a-lancer-une-nouvelle-gamme-ultra-comprenant-un-iphone-pliable","status":"publish","type":"post","link":"https:\/\/bangpremier.fr\/index.php\/2026\/04\/27\/apple-sapprete-a-lancer-une-nouvelle-gamme-ultra-comprenant-un-iphone-pliable\/","title":{"rendered":"Apple s&#039;appr\u00eate \u00e0 lancer une nouvelle gamme Ultra comprenant un iPhone pliable"},"content":{"rendered":"<p><b>2026-04-27 15:01:30<\/b><br \/>\n<BR>Apple envisagerait de lancer une nouvelle gamme Ultra comprenant un iPhone pliable et un MacBook dot\u00e9 d\u2019un \u00e9cran tactile.<BR><br \/>\nLes prochains lancements du g\u00e9ant technologique restent entour\u00e9s de myst\u00e8re, mais de nouvelles rumeurs laissent entendre que l\u2019\u00e9quipe travaille \u00e0 l\u2019\u00e9largissement de la gamme Ultra au-del\u00e0 de l\u2019Apple Watch, afin d\u2019y inclure les produits les plus chers et les plus riches en fonctionnalit\u00e9s de la marque \u00e0 ce jour \u2013 notamment l\u2019iPhone pliable dont on parle depuis longtemps, ainsi qu\u2019un ordinateur portable MacBook dot\u00e9 d\u2019un \u00e9cran tactile OLED.<BR><br \/>\nSelon Macworld, la soci\u00e9t\u00e9 mettra \u00e0 jour la gamme Pro d&#8217;iPhones plus tard dans l&#8217;ann\u00e9e, mais le nouveau t\u00e9l\u00e9phone pliable sera le produit &#8220;phare&#8221; de la gamme Ultra \u00e9largie et constituera le &#8220;mod\u00e8le haut de gamme de la gamme de smartphones d&#8217;Apple&#8221;.<BR><br \/>\nLa publication indique que le lancement du t\u00e9l\u00e9phone pliable est pr\u00e9vu pour septembre, ce qui signifie qu&#8217;il pourrait \u00eatre entre les mains des clients d&#8217;ici la fin de l&#8217;ann\u00e9e et qu&#8217;il sera probablement commercialis\u00e9 sous le nom d&#8217;iPhone Ultra.<br \/>\n<br \/><a href=\"https:\/\/bangpremier.com\/\" target=\"_blank\"> Visit Bang Premier (main website) <\/a><br \/>\n<br \/><script src=\"https:\/\/geo.dailymotion.com\/player\/xt7m2.js\" data-params=\"mute=true\"><\/script><\/p>\n","protected":false},"excerpt":{"rendered":"<p>2026-04-27 15:01:30 Apple envisagerait de lancer une nouvelle gamme Ultra comprenant un iPhone pliable et un MacBook dot\u00e9 d\u2019un \u00e9cran tactile. Les prochains lancements du g\u00e9ant technologique restent entour\u00e9s de&hellip;<\/p>\n","protected":false},"author":1,"featured_media":3465,"comment_status":"closed","ping_status":"open","sticky":false,"template":"","format":"standard","meta":{"footnotes":""},"categories":[5],"tags":[],"class_list":["post-12216","post","type-post","status-publish","format-standard","has-post-thumbnail","hentry","category-technologie"],"_links":{"self":[{"href":"https:\/\/bangpremier.fr\/index.php\/wp-json\/wp\/v2\/posts\/12216","targetHints":{"allow":["GET"]}}],"collection":[{"href":"https:\/\/bangpremier.fr\/index.php\/wp-json\/wp\/v2\/posts"}],"about":[{"href":"https:\/\/bangpremier.fr\/index.php\/wp-json\/wp\/v2\/types\/post"}],"author":[{"embeddable":true,"href":"https:\/\/bangpremier.fr\/index.php\/wp-json\/wp\/v2\/users\/1"}],"replies":[{"embeddable":true,"href":"https:\/\/bangpremier.fr\/index.php\/wp-json\/wp\/v2\/comments?post=12216"}],"version-history":[{"count":1,"href":"https:\/\/bangpremier.fr\/index.php\/wp-json\/wp\/v2\/posts\/12216\/revisions"}],"predecessor-version":[{"id":12217,"href":"https:\/\/bangpremier.fr\/index.php\/wp-json\/wp\/v2\/posts\/12216\/revisions\/12217"}],"wp:featuredmedia":[{"embeddable":true,"href":"https:\/\/bangpremier.fr\/index.php\/wp-json\/wp\/v2\/media\/3465"}],"wp:attachment":[{"href":"https:\/\/bangpremier.fr\/index.php\/wp-json\/wp\/v2\/media?parent=12216"}],"wp:term":[{"taxonomy":"category","embeddable":true,"href":"https:\/\/bangpremier.fr\/index.php\/wp-json\/wp\/v2\/categories?post=12216"},{"taxonomy":"post_tag","embeddable":true,"href":"https:\/\/bangpremier.fr\/index.php\/wp-json\/wp\/v2\/tags?post=12216"}],"curies":[{"name":"wp","href":"https:\/\/api.w.org\/{rel}","templated":true}]}}