{"id":12213,"date":"2026-04-27T14:49:42","date_gmt":"2026-04-27T14:49:42","guid":{"rendered":"https:\/\/bangpremier.fr\/index.php\/2026\/04\/27\/le-diable-shabille-en-prada-2-pourquoi-ce-personnage-est-il-absent-du-deuxieme-volet\/"},"modified":"2026-04-27T14:49:43","modified_gmt":"2026-04-27T14:49:43","slug":"le-diable-shabille-en-prada-2-pourquoi-ce-personnage-est-il-absent-du-deuxieme-volet","status":"publish","type":"post","link":"https:\/\/bangpremier.fr\/index.php\/2026\/04\/27\/le-diable-shabille-en-prada-2-pourquoi-ce-personnage-est-il-absent-du-deuxieme-volet\/","title":{"rendered":"Le diable s&#039;habille en Prada 2 : pourquoi ce personnage est-il absent du deuxi\u00e8me volet ?"},"content":{"rendered":"<p><b>2026-04-27 14:49:41<\/b><br \/>\n<BR>Adrian Grenier a failli faire une apparition dans &#8220;Le Diable s&#8217;habille en Prada 2&#8221; . Dans le premier film, l&#8217;acteur d&#8217;Entourage incarnait Nate, le petit ami du personnage jou\u00e9 par Anne Hathaway. Il n&#8217;appara\u00eetra toutefois pas dans la suite tr\u00e8s attendue bien que le r\u00e9alisateur David Frankel ait d\u00e9sormais admis qu&#8217;il voulait le rappeler.<BR><br \/>\n&#8220;J\u2019avais eu l\u2019id\u00e9e de le glisser dans un cam\u00e9o, mais au final, nous \u00e9tions tout simplement trop en retard dans notre calendrier de production pour que cela puisse se faire&#8221; a confi\u00e9 le cin\u00e9aste \u00e0 Entertainment Weekly.<BR><br \/>\nLe r\u00e9alisateur a pr\u00e9cis\u00e9 que le tournage du &#8220;Diable s\u2019habille en Prada&#8221; s\u2019\u00e9tait achev\u00e9 moins d\u2019un mois avant la date de sortie et qu\u2019il n\u2019y avait donc tout simplement pas eu le temps d&#8217;ajouter l&#8217;acteur.<BR><br \/>\n David a refus\u00e9 de d\u00e9voiler ce que le personnage aurait fait dans la suite.<BR><br \/>\n &#8220;Non, je ne devrais probablement pas le dire&#8221; a-t-il admis.<BR><br \/>\nLe film sera dans les salles obscures d\u00e8s le 29 avril.<br \/>\n<br \/><a href=\"https:\/\/bangpremier.com\/\" target=\"_blank\"> Visit Bang Premier (main website) <\/a><br \/>\n<br \/><script src=\"https:\/\/geo.dailymotion.com\/player\/xt7m2.js\" data-params=\"mute=true\"><\/script><\/p>\n","protected":false},"excerpt":{"rendered":"<p>2026-04-27 14:49:41 Adrian Grenier a failli faire une apparition dans &#8220;Le Diable s&#8217;habille en Prada 2&#8221; . Dans le premier film, l&#8217;acteur d&#8217;Entourage incarnait Nate, le petit ami du personnage&hellip;<\/p>\n","protected":false},"author":1,"featured_media":12214,"comment_status":"closed","ping_status":"open","sticky":false,"template":"","format":"standard","meta":{"footnotes":""},"categories":[1],"tags":[],"class_list":["post-12213","post","type-post","status-publish","format-standard","has-post-thumbnail","hentry","category-people"],"_links":{"self":[{"href":"https:\/\/bangpremier.fr\/index.php\/wp-json\/wp\/v2\/posts\/12213","targetHints":{"allow":["GET"]}}],"collection":[{"href":"https:\/\/bangpremier.fr\/index.php\/wp-json\/wp\/v2\/posts"}],"about":[{"href":"https:\/\/bangpremier.fr\/index.php\/wp-json\/wp\/v2\/types\/post"}],"author":[{"embeddable":true,"href":"https:\/\/bangpremier.fr\/index.php\/wp-json\/wp\/v2\/users\/1"}],"replies":[{"embeddable":true,"href":"https:\/\/bangpremier.fr\/index.php\/wp-json\/wp\/v2\/comments?post=12213"}],"version-history":[{"count":1,"href":"https:\/\/bangpremier.fr\/index.php\/wp-json\/wp\/v2\/posts\/12213\/revisions"}],"predecessor-version":[{"id":12215,"href":"https:\/\/bangpremier.fr\/index.php\/wp-json\/wp\/v2\/posts\/12213\/revisions\/12215"}],"wp:featuredmedia":[{"embeddable":true,"href":"https:\/\/bangpremier.fr\/index.php\/wp-json\/wp\/v2\/media\/12214"}],"wp:attachment":[{"href":"https:\/\/bangpremier.fr\/index.php\/wp-json\/wp\/v2\/media?parent=12213"}],"wp:term":[{"taxonomy":"category","embeddable":true,"href":"https:\/\/bangpremier.fr\/index.php\/wp-json\/wp\/v2\/categories?post=12213"},{"taxonomy":"post_tag","embeddable":true,"href":"https:\/\/bangpremier.fr\/index.php\/wp-json\/wp\/v2\/tags?post=12213"}],"curies":[{"name":"wp","href":"https:\/\/api.w.org\/{rel}","templated":true}]}}