{"id":12211,"date":"2026-04-27T13:33:05","date_gmt":"2026-04-27T13:33:05","guid":{"rendered":"https:\/\/bangpremier.fr\/index.php\/2026\/04\/27\/jeremy-renner-a-failli-quitter-hollywood-apres-son-accident\/"},"modified":"2026-04-27T13:33:06","modified_gmt":"2026-04-27T13:33:06","slug":"jeremy-renner-a-failli-quitter-hollywood-apres-son-accident","status":"publish","type":"post","link":"https:\/\/bangpremier.fr\/index.php\/2026\/04\/27\/jeremy-renner-a-failli-quitter-hollywood-apres-son-accident\/","title":{"rendered":"Jeremy Renner a failli quitter Hollywood apr\u00e8s son accident"},"content":{"rendered":"<p><b>2026-04-27 13:33:04<\/b><br \/>\n<BR>Jeremy Renner a subi plus de 30 fractures, une lac\u00e9ration du foie et un poumon collaps\u00e9 lorsqu&#8217;il a \u00e9t\u00e9 renvers\u00e9 par un chasse-neige en janvier 2023. Depuis, l&#8217;acteur a lentement repris le chemin des tournages mais il admet que cette d\u00e9cision n&#8217;a pas \u00e9t\u00e9 simple. En effet, Jeremy reconna\u00eet qu&#8217;il a failli abandonner sa carri\u00e8re d&#8217;acteur pour se consacrer \u00e0 sa sant\u00e9.<BR><br \/>\n&#8220;Je serai en convalescence pour le reste de ma vie&#8221; a-t-il d\u00e9clar\u00e9 \u00e0 Fox News Digital. &#8220;Je pense que \u00e7a va au-del\u00e0 du m\u00e9tier d&#8217;acteur. J&#8217;ai failli ne pas vouloir reprendre le chemin des plateaux parce que je devais me concentrer tellement sur la vie r\u00e9elle. Des trucs du genre non-fiction. Se replonger dans la fiction \u00e9tait un peu difficile, mais je suis content d&#8217;avoir repris.&#8221;<BR><br \/>\nPar ailleurs, l&#8217;acteur a essay\u00e9 de simplifier sa vie depuis l&#8217;accident.<BR><br \/>\n &#8220;\u00catre avec ma famille, aller mieux chaque jour, rendre service et donner aux autres autant et du mieux que je peux&#8221; ajoute-t-il. &#8220;Et c&#8217;est ainsi que j&#8217;ai choisi de vivre ma vie depuis l\u2019accident.\u201d<br \/>\n<br \/><a href=\"https:\/\/bangpremier.com\/\" target=\"_blank\"> Visit Bang Premier (main website) <\/a><br \/>\n<br \/><script src=\"https:\/\/geo.dailymotion.com\/player\/xt7m2.js\" data-params=\"mute=true\"><\/script><\/p>\n","protected":false},"excerpt":{"rendered":"<p>2026-04-27 13:33:04 Jeremy Renner a subi plus de 30 fractures, une lac\u00e9ration du foie et un poumon collaps\u00e9 lorsqu&#8217;il a \u00e9t\u00e9 renvers\u00e9 par un chasse-neige en janvier 2023. Depuis, l&#8217;acteur&hellip;<\/p>\n","protected":false},"author":1,"featured_media":5085,"comment_status":"closed","ping_status":"open","sticky":false,"template":"","format":"standard","meta":{"footnotes":""},"categories":[1],"tags":[],"class_list":["post-12211","post","type-post","status-publish","format-standard","has-post-thumbnail","hentry","category-people"],"_links":{"self":[{"href":"https:\/\/bangpremier.fr\/index.php\/wp-json\/wp\/v2\/posts\/12211","targetHints":{"allow":["GET"]}}],"collection":[{"href":"https:\/\/bangpremier.fr\/index.php\/wp-json\/wp\/v2\/posts"}],"about":[{"href":"https:\/\/bangpremier.fr\/index.php\/wp-json\/wp\/v2\/types\/post"}],"author":[{"embeddable":true,"href":"https:\/\/bangpremier.fr\/index.php\/wp-json\/wp\/v2\/users\/1"}],"replies":[{"embeddable":true,"href":"https:\/\/bangpremier.fr\/index.php\/wp-json\/wp\/v2\/comments?post=12211"}],"version-history":[{"count":1,"href":"https:\/\/bangpremier.fr\/index.php\/wp-json\/wp\/v2\/posts\/12211\/revisions"}],"predecessor-version":[{"id":12212,"href":"https:\/\/bangpremier.fr\/index.php\/wp-json\/wp\/v2\/posts\/12211\/revisions\/12212"}],"wp:featuredmedia":[{"embeddable":true,"href":"https:\/\/bangpremier.fr\/index.php\/wp-json\/wp\/v2\/media\/5085"}],"wp:attachment":[{"href":"https:\/\/bangpremier.fr\/index.php\/wp-json\/wp\/v2\/media?parent=12211"}],"wp:term":[{"taxonomy":"category","embeddable":true,"href":"https:\/\/bangpremier.fr\/index.php\/wp-json\/wp\/v2\/categories?post=12211"},{"taxonomy":"post_tag","embeddable":true,"href":"https:\/\/bangpremier.fr\/index.php\/wp-json\/wp\/v2\/tags?post=12211"}],"curies":[{"name":"wp","href":"https:\/\/api.w.org\/{rel}","templated":true}]}}