{"id":12170,"date":"2026-04-23T12:32:34","date_gmt":"2026-04-23T12:32:34","guid":{"rendered":"https:\/\/bangpremier.fr\/index.php\/2026\/04\/23\/biopic-de-michael-jackson-deja-une-suite-prevue\/"},"modified":"2026-04-23T12:32:35","modified_gmt":"2026-04-23T12:32:35","slug":"biopic-de-michael-jackson-deja-une-suite-prevue","status":"publish","type":"post","link":"https:\/\/bangpremier.fr\/index.php\/2026\/04\/23\/biopic-de-michael-jackson-deja-une-suite-prevue\/","title":{"rendered":"Biopic de Michael Jackson : d\u00e9j\u00e0 une suite pr\u00e9vue ?"},"content":{"rendered":"<p><b>2026-04-23 12:32:34<\/b><br \/>\n<BR>Colman Domingo a laiss\u00e9 entendre qu&#8217;il pourrait y avoir une suite au biopic de\u00a0Michael Jackson. La star incarne\u00a0Joe Jackson, le p\u00e8re du roi de la pop, dans ce film qui explore sa vie et carri\u00e8re.\u00a0Un projet qui a \u00e9t\u00e9 critiqu\u00e9 pour le fait qu&#8217;il n&#8217;aborde pas les accusations d&#8217;abus sexuels sur mineurs port\u00e9es contre Michael Jackson. <BR><br \/>\nInvit\u00e9 dans l&#8217;\u00e9mission Today, Colman a toutefois confi\u00e9 que cela pourrait \u00eatre abord\u00e9 dans un deuxi\u00e8me volet.<BR><br \/>\n&#8220;Le film se d\u00e9roule des ann\u00e9es 60 \u00e0 1988, il n&#8217;aborde donc pas les premi\u00e8res accusations&#8221; a d\u00e9clar\u00e9 la star. &#8220;En gros, nous nous sommes concentr\u00e9s sur la formation de Michael. C&#8217;est donc un portrait intime de qui est Michael&#8230; \u00e0 travers son regard.&#8221;<BR><br \/>\nLa star a ajout\u00e9 : &#8220;Et il est possible qu\u2019il y ait une deuxi\u00e8me partie qui traiterait d\u2019autres \u00e9v\u00e9nements survenus par la suite. Ce film raconte la formation de Michael, comment il a \u00e9t\u00e9 \u00e9lev\u00e9, puis comment il a essay\u00e9 de trouver sa voix en tant qu\u2019artiste et de devenir un artiste solo. C\u2019est tout ce que j\u2019ai \u00e0 dire \u00e0 ce sujet.&#8221;<br \/>\n<br \/><a href=\"https:\/\/bangpremier.com\/\" target=\"_blank\"> Visit Bang Premier (main website) <\/a><br \/>\n<br \/><script src=\"https:\/\/geo.dailymotion.com\/player\/xt7m2.js\" data-params=\"mute=true\"><\/script><\/p>\n","protected":false},"excerpt":{"rendered":"<p>2026-04-23 12:32:34 Colman Domingo a laiss\u00e9 entendre qu&#8217;il pourrait y avoir une suite au biopic de\u00a0Michael Jackson. La star incarne\u00a0Joe Jackson, le p\u00e8re du roi de la pop, dans ce&hellip;<\/p>\n","protected":false},"author":1,"featured_media":7437,"comment_status":"closed","ping_status":"open","sticky":false,"template":"","format":"standard","meta":{"footnotes":""},"categories":[1],"tags":[],"class_list":["post-12170","post","type-post","status-publish","format-standard","has-post-thumbnail","hentry","category-people"],"_links":{"self":[{"href":"https:\/\/bangpremier.fr\/index.php\/wp-json\/wp\/v2\/posts\/12170","targetHints":{"allow":["GET"]}}],"collection":[{"href":"https:\/\/bangpremier.fr\/index.php\/wp-json\/wp\/v2\/posts"}],"about":[{"href":"https:\/\/bangpremier.fr\/index.php\/wp-json\/wp\/v2\/types\/post"}],"author":[{"embeddable":true,"href":"https:\/\/bangpremier.fr\/index.php\/wp-json\/wp\/v2\/users\/1"}],"replies":[{"embeddable":true,"href":"https:\/\/bangpremier.fr\/index.php\/wp-json\/wp\/v2\/comments?post=12170"}],"version-history":[{"count":1,"href":"https:\/\/bangpremier.fr\/index.php\/wp-json\/wp\/v2\/posts\/12170\/revisions"}],"predecessor-version":[{"id":12171,"href":"https:\/\/bangpremier.fr\/index.php\/wp-json\/wp\/v2\/posts\/12170\/revisions\/12171"}],"wp:featuredmedia":[{"embeddable":true,"href":"https:\/\/bangpremier.fr\/index.php\/wp-json\/wp\/v2\/media\/7437"}],"wp:attachment":[{"href":"https:\/\/bangpremier.fr\/index.php\/wp-json\/wp\/v2\/media?parent=12170"}],"wp:term":[{"taxonomy":"category","embeddable":true,"href":"https:\/\/bangpremier.fr\/index.php\/wp-json\/wp\/v2\/categories?post=12170"},{"taxonomy":"post_tag","embeddable":true,"href":"https:\/\/bangpremier.fr\/index.php\/wp-json\/wp\/v2\/tags?post=12170"}],"curies":[{"name":"wp","href":"https:\/\/api.w.org\/{rel}","templated":true}]}}