{"id":11554,"date":"2026-03-12T10:00:32","date_gmt":"2026-03-12T10:00:32","guid":{"rendered":"https:\/\/bangpremier.fr\/index.php\/2026\/03\/12\/billie-eilish-va-faire-ses-premiers-pas-au-cinema-dans-ladaptation-dun-roman-culte\/"},"modified":"2026-03-12T10:00:33","modified_gmt":"2026-03-12T10:00:33","slug":"billie-eilish-va-faire-ses-premiers-pas-au-cinema-dans-ladaptation-dun-roman-culte","status":"publish","type":"post","link":"https:\/\/bangpremier.fr\/index.php\/2026\/03\/12\/billie-eilish-va-faire-ses-premiers-pas-au-cinema-dans-ladaptation-dun-roman-culte\/","title":{"rendered":"Billie Eilish va faire ses premiers pas au cin\u00e9ma dans l\u2019adaptation d\u2019un roman culte"},"content":{"rendered":"<p><b>2026-03-12 10:00:31<\/b><br \/>\n<BR>Billie Eilish s&#8217;appr\u00eate \u00e0 faire ses d\u00e9buts au cin\u00e9ma dans une adaptation de \u201cThe Bell Jar\u201d.<BR><br \/>\nLa chanteuse devrait incarner Esther Greenwood dans l&#8217;adaptation du roman embl\u00e9matique de Sylvia Plath, publi\u00e9 en 1963. Selon Deadline, elle serait en pourparlers avanc\u00e9s pour obtenir le r\u00f4le.<BR><br \/>\nSarah Polley est pressentie pour r\u00e9aliser le film \u00e0 partir de son propre sc\u00e9nario. Focus Features est en train de conclure un accord pour soutenir et distribuer le film aux \u00c9tats-Unis. Joy Gorman Wettels est \u00e0 l&#8217;origine du film via sa soci\u00e9t\u00e9 Joy Coalition et en sera la productrice aux c\u00f4t\u00e9s de Plan B Entertainment et StudioCanal.<BR><br \/>\n\u201cThe Bell Jar\u201d est le seul roman de Sylvia Plath. Il s&#8217;agit d&#8217;une \u0153uvre semi-autobiographique qui raconte les difficult\u00e9s d&#8217;une jeune femme \u00e0 l\u2019esprit troubl\u00e9, inspir\u00e9e des propres exp\u00e9riences de l&#8217;auteure avec la d\u00e9pression. Le livre a \u00e9t\u00e9 traduit dans plus de 40 langues au fil des ans. Sylvia Plath s&#8217;est tragiquement donn\u00e9e la mort un mois seulement apr\u00e8s sa premi\u00e8re publication au Royaume-Uni.<br \/>\n<br \/><a href=\"https:\/\/bangpremier.com\/\" target=\"_blank\"> Visit Bang Premier (main website) <\/a><br \/>\n<br \/><script src=\"https:\/\/geo.dailymotion.com\/player\/xt7m2.js\" data-params=\"mute=true\"><\/script><\/p>\n","protected":false},"excerpt":{"rendered":"<p>2026-03-12 10:00:31 Billie Eilish s&#8217;appr\u00eate \u00e0 faire ses d\u00e9buts au cin\u00e9ma dans une adaptation de \u201cThe Bell Jar\u201d. La chanteuse devrait incarner Esther Greenwood dans l&#8217;adaptation du roman embl\u00e9matique de&hellip;<\/p>\n","protected":false},"author":1,"featured_media":39,"comment_status":"closed","ping_status":"open","sticky":false,"template":"","format":"standard","meta":{"footnotes":""},"categories":[1],"tags":[],"class_list":["post-11554","post","type-post","status-publish","format-standard","has-post-thumbnail","hentry","category-people"],"_links":{"self":[{"href":"https:\/\/bangpremier.fr\/index.php\/wp-json\/wp\/v2\/posts\/11554","targetHints":{"allow":["GET"]}}],"collection":[{"href":"https:\/\/bangpremier.fr\/index.php\/wp-json\/wp\/v2\/posts"}],"about":[{"href":"https:\/\/bangpremier.fr\/index.php\/wp-json\/wp\/v2\/types\/post"}],"author":[{"embeddable":true,"href":"https:\/\/bangpremier.fr\/index.php\/wp-json\/wp\/v2\/users\/1"}],"replies":[{"embeddable":true,"href":"https:\/\/bangpremier.fr\/index.php\/wp-json\/wp\/v2\/comments?post=11554"}],"version-history":[{"count":1,"href":"https:\/\/bangpremier.fr\/index.php\/wp-json\/wp\/v2\/posts\/11554\/revisions"}],"predecessor-version":[{"id":11555,"href":"https:\/\/bangpremier.fr\/index.php\/wp-json\/wp\/v2\/posts\/11554\/revisions\/11555"}],"wp:featuredmedia":[{"embeddable":true,"href":"https:\/\/bangpremier.fr\/index.php\/wp-json\/wp\/v2\/media\/39"}],"wp:attachment":[{"href":"https:\/\/bangpremier.fr\/index.php\/wp-json\/wp\/v2\/media?parent=11554"}],"wp:term":[{"taxonomy":"category","embeddable":true,"href":"https:\/\/bangpremier.fr\/index.php\/wp-json\/wp\/v2\/categories?post=11554"},{"taxonomy":"post_tag","embeddable":true,"href":"https:\/\/bangpremier.fr\/index.php\/wp-json\/wp\/v2\/tags?post=11554"}],"curies":[{"name":"wp","href":"https:\/\/api.w.org\/{rel}","templated":true}]}}