{"id":11502,"date":"2026-03-09T13:08:06","date_gmt":"2026-03-09T13:08:06","guid":{"rendered":"https:\/\/bangpremier.fr\/index.php\/2026\/03\/09\/elijah-wood-refuse-de-ceder-le-role-de-frodon-a-un-autre-acteur\/"},"modified":"2026-03-09T13:08:09","modified_gmt":"2026-03-09T13:08:09","slug":"elijah-wood-refuse-de-ceder-le-role-de-frodon-a-un-autre-acteur","status":"publish","type":"post","link":"https:\/\/bangpremier.fr\/index.php\/2026\/03\/09\/elijah-wood-refuse-de-ceder-le-role-de-frodon-a-un-autre-acteur\/","title":{"rendered":"Elijah Wood refuse de c\u00e9der le r\u00f4le de Frodon \u00e0 un autre acteur"},"content":{"rendered":"<p><b>2026-03-09 13:08:06<\/b><br \/>\n<BR>Elijah Wood\u200b n&#8217;est pas pr\u00eat \u00e0 voir le r\u00f4le de Frodon Sacquet revenir \u00e0 quelqu&#8217;un d&#8217;autre\u200b mais l&#8217;acteur refuse encore de confirmer s&#8217;il appara\u00eetra dans \u200b&#8221;Le Seigneur des anneaux : La Chasse \u00e0 Gollum\u200b&#8221;.<BR><br \/>\n\u200bE\u200blijah a r\u00e9pondu aux sp\u00e9culations croissantes concernant sa participation au film d\u200b&#8217;Andy Serkis, dont la sortie est pr\u00e9vue pour fin 2027. Il a reconnu que Ian McKellen avait d\u00e9j\u00e0 laiss\u00e9 entendre que certains membres du casting seraient de retour lors d&#8217;une convention de fans l&#8217;ann\u00e9e derni\u00e8re, notant que l&#8217;acteur avait \u201cen quelque sorte vendu la m\u00e8che\u201d.<BR><br \/>\nElijah a d\u00e9clar\u00e9 qu&#8217;il ne pouvait toujours rien confirmer officiellement, mais qu&#8217;il \u00e9tait enthousiaste \u00e0 l&#8217;id\u00e9e de retourner en Terre du Milieu.<BR><br \/>\n\u201cCela n&#8217;a pas \u00e9t\u00e9 officiellement annonc\u00e9, mais lors d&#8217;une convention en ao\u00fbt dernier, Ian a en quelque sorte vendu la m\u00e8che. Il y a donc de bonnes chances&#8221; a-t-il confi\u00e9 au Times. &#8220;Je ne peux rien dire officiellement tant que cela n&#8217;a pas \u00e9t\u00e9 annonc\u00e9, mais je peux dire que je suis ravi \u00e0 l&#8217;id\u00e9e d&#8217;un nouveau film.\u200b C&#8217;est toujours un peu stressant quand les gens parlent de nouveaux films pour un univers comme la Terre du Milieu. Tout le monde devient un peu protecteur et esp\u00e8re que l&#8217;int\u00e9grit\u00e9 de l&#8217;univers sera pr\u00e9serv\u00e9e, mais cette histoire est amusante et passionnante. On a vraiment l&#8217;impression de reformer le groupe.\u201d<BR><br \/>\nCe nouveau film explorera la p\u00e9riode entre la fin de la trilogie &#8220;Le Hobbit&#8221; et le d\u00e9but du &#8220;Seigneur des anneaux&#8221;, en se concentrant sur la recherche de Gollum.Andy, qui a incarn\u00e9 Gollum gr\u00e2ce \u00e0 la capture de mouvement dans la trilogie originale, r\u00e9alisera le film et jouera \u00e0 nouveau la c\u00e9l\u00e8bre cr\u00e9ature. <BR><br \/>\nInterrog\u00e9 sur le refus de Ian McKellen de laisser une autre star jouer GA, Elijah a d\u00e9clar\u00e9 qu&#8217;il ressentait exactement la m\u00eame chose \u00e0 propos de Frodon. Il a expliqu\u00e9 qu&#8217;il ne voudrait pas qu&#8217;un autre acteur reprenne le personnage &#8220;tant que je suis en vie et capable de le faire&#8221;, ajoutant qu&#8217;il \u00e9tait tout aussi enthousiaste que les fans \u00e0 l&#8217;id\u00e9e de revoir des visages familiers.<br \/>\n<br \/><a href=\"https:\/\/bangpremier.com\/\" target=\"_blank\"> Visit Bang Premier (main website) <\/a><br \/>\n<br \/><script src=\"https:\/\/geo.dailymotion.com\/player\/xt7m2.js\" data-params=\"mute=true\"><\/script><\/p>\n","protected":false},"excerpt":{"rendered":"<p>2026-03-09 13:08:06 Elijah Wood\u200b n&#8217;est pas pr\u00eat \u00e0 voir le r\u00f4le de Frodon Sacquet revenir \u00e0 quelqu&#8217;un d&#8217;autre\u200b mais l&#8217;acteur refuse encore de confirmer s&#8217;il appara\u00eetra dans \u200b&#8221;Le Seigneur des&hellip;<\/p>\n","protected":false},"author":1,"featured_media":11503,"comment_status":"closed","ping_status":"open","sticky":false,"template":"","format":"standard","meta":{"footnotes":""},"categories":[1],"tags":[],"class_list":["post-11502","post","type-post","status-publish","format-standard","has-post-thumbnail","hentry","category-people"],"_links":{"self":[{"href":"https:\/\/bangpremier.fr\/index.php\/wp-json\/wp\/v2\/posts\/11502","targetHints":{"allow":["GET"]}}],"collection":[{"href":"https:\/\/bangpremier.fr\/index.php\/wp-json\/wp\/v2\/posts"}],"about":[{"href":"https:\/\/bangpremier.fr\/index.php\/wp-json\/wp\/v2\/types\/post"}],"author":[{"embeddable":true,"href":"https:\/\/bangpremier.fr\/index.php\/wp-json\/wp\/v2\/users\/1"}],"replies":[{"embeddable":true,"href":"https:\/\/bangpremier.fr\/index.php\/wp-json\/wp\/v2\/comments?post=11502"}],"version-history":[{"count":1,"href":"https:\/\/bangpremier.fr\/index.php\/wp-json\/wp\/v2\/posts\/11502\/revisions"}],"predecessor-version":[{"id":11504,"href":"https:\/\/bangpremier.fr\/index.php\/wp-json\/wp\/v2\/posts\/11502\/revisions\/11504"}],"wp:featuredmedia":[{"embeddable":true,"href":"https:\/\/bangpremier.fr\/index.php\/wp-json\/wp\/v2\/media\/11503"}],"wp:attachment":[{"href":"https:\/\/bangpremier.fr\/index.php\/wp-json\/wp\/v2\/media?parent=11502"}],"wp:term":[{"taxonomy":"category","embeddable":true,"href":"https:\/\/bangpremier.fr\/index.php\/wp-json\/wp\/v2\/categories?post=11502"},{"taxonomy":"post_tag","embeddable":true,"href":"https:\/\/bangpremier.fr\/index.php\/wp-json\/wp\/v2\/tags?post=11502"}],"curies":[{"name":"wp","href":"https:\/\/api.w.org\/{rel}","templated":true}]}}