{"id":11497,"date":"2026-03-09T07:31:19","date_gmt":"2026-03-09T07:31:19","guid":{"rendered":"https:\/\/bangpremier.fr\/index.php\/2026\/03\/09\/james-van-der-beek-la-fille-de-9-ans-de-lacteur-publie-un-hommage-dechirant\/"},"modified":"2026-03-09T07:31:21","modified_gmt":"2026-03-09T07:31:21","slug":"james-van-der-beek-la-fille-de-9-ans-de-lacteur-publie-un-hommage-dechirant","status":"publish","type":"post","link":"https:\/\/bangpremier.fr\/index.php\/2026\/03\/09\/james-van-der-beek-la-fille-de-9-ans-de-lacteur-publie-un-hommage-dechirant\/","title":{"rendered":"James Van Der Beek : la fille de 9 ans de l\u2019acteur publie un hommage d\u00e9chirant"},"content":{"rendered":"<p><b>2026-03-09 07:31:19<\/b><br \/>\n<BR>La fille de 9 ans de James Van Der Beek s\u2019est livr\u00e9e sur le d\u00e9c\u00e8s de son p\u00e8re.  Dans une vid\u00e9o \u00e9mouvante partag\u00e9e sur Instagram, Emilia a \u00e9voqu\u00e9 la perte de son p\u00e8re, d\u00e9c\u00e9d\u00e9 en f\u00e9vrier \u00e0 l&#8217;\u00e2ge de 48 ans apr\u00e8s trois ans de lutte contre un cancer colorectal de stade 3, et a donn\u00e9 quelques petits conseils pour les gens qui traversent un deuil.<BR><br \/>\n\u201cComme vous le savez probablement, mon p\u00e8re est d\u00e9c\u00e9d\u00e9\u201d a d\u00e9clar\u00e9 la petite-fille. \u201cMais je vais simplement vous donner quelques petits conseils ou tout ce qui peut vous aider \u00e0 surmonter le d\u00e9c\u00e8s d&#8217;un \u00eatre cher. Aujourd&#8217;hui, c&#8217;est l&#8217;anniversaire de mon p\u00e8re, et la premi\u00e8re chose \u00e0 faire lorsque quelqu&#8217;un d\u00e9c\u00e8de, c&#8217;est de lui parler et de laisser libre cours \u00e0 ses \u00e9motions.\u201d<BR><br \/>\nEmilia a r\u00e9v\u00e9l\u00e9 qu&#8217;elle parle \u00e0 son p\u00e8re tous les jours.<BR><br \/>\n\u201cSi cette personne vous manque, vous pouvez pleurer\u201d a-t-elle ajout\u00e9. \u201cVous pouvez lui parler. Je parle \u00e0 mon p\u00e8re tous les jours. Je commence par une phrase, et je dis \u2018Salut, papa. Tu me manques, je t&#8217;aime tellement, et je ne cesserai jamais de t&#8217;aimer.\u201d<br \/>\n<br \/><a href=\"https:\/\/bangpremier.com\/\" target=\"_blank\"> Visit Bang Premier (main website) <\/a><br \/>\n<br \/><script src=\"https:\/\/geo.dailymotion.com\/player\/xt7m2.js\" data-params=\"mute=true\"><\/script><\/p>\n","protected":false},"excerpt":{"rendered":"<p>2026-03-09 07:31:19 La fille de 9 ans de James Van Der Beek s\u2019est livr\u00e9e sur le d\u00e9c\u00e8s de son p\u00e8re. Dans une vid\u00e9o \u00e9mouvante partag\u00e9e sur Instagram, Emilia a \u00e9voqu\u00e9&hellip;<\/p>\n","protected":false},"author":1,"featured_media":11498,"comment_status":"closed","ping_status":"open","sticky":false,"template":"","format":"standard","meta":{"footnotes":""},"categories":[1],"tags":[],"class_list":["post-11497","post","type-post","status-publish","format-standard","has-post-thumbnail","hentry","category-people"],"_links":{"self":[{"href":"https:\/\/bangpremier.fr\/index.php\/wp-json\/wp\/v2\/posts\/11497","targetHints":{"allow":["GET"]}}],"collection":[{"href":"https:\/\/bangpremier.fr\/index.php\/wp-json\/wp\/v2\/posts"}],"about":[{"href":"https:\/\/bangpremier.fr\/index.php\/wp-json\/wp\/v2\/types\/post"}],"author":[{"embeddable":true,"href":"https:\/\/bangpremier.fr\/index.php\/wp-json\/wp\/v2\/users\/1"}],"replies":[{"embeddable":true,"href":"https:\/\/bangpremier.fr\/index.php\/wp-json\/wp\/v2\/comments?post=11497"}],"version-history":[{"count":1,"href":"https:\/\/bangpremier.fr\/index.php\/wp-json\/wp\/v2\/posts\/11497\/revisions"}],"predecessor-version":[{"id":11499,"href":"https:\/\/bangpremier.fr\/index.php\/wp-json\/wp\/v2\/posts\/11497\/revisions\/11499"}],"wp:featuredmedia":[{"embeddable":true,"href":"https:\/\/bangpremier.fr\/index.php\/wp-json\/wp\/v2\/media\/11498"}],"wp:attachment":[{"href":"https:\/\/bangpremier.fr\/index.php\/wp-json\/wp\/v2\/media?parent=11497"}],"wp:term":[{"taxonomy":"category","embeddable":true,"href":"https:\/\/bangpremier.fr\/index.php\/wp-json\/wp\/v2\/categories?post=11497"},{"taxonomy":"post_tag","embeddable":true,"href":"https:\/\/bangpremier.fr\/index.php\/wp-json\/wp\/v2\/tags?post=11497"}],"curies":[{"name":"wp","href":"https:\/\/api.w.org\/{rel}","templated":true}]}}