{"id":11486,"date":"2026-03-06T18:35:32","date_gmt":"2026-03-06T18:35:32","guid":{"rendered":"https:\/\/bangpremier.fr\/index.php\/2026\/03\/06\/lindonesie-devient-le-dernier-pays-a-interdire-lacces-aux-reseaux-sociaux-aux-moins-de-16-ans\/"},"modified":"2026-03-06T18:35:34","modified_gmt":"2026-03-06T18:35:34","slug":"lindonesie-devient-le-dernier-pays-a-interdire-lacces-aux-reseaux-sociaux-aux-moins-de-16-ans","status":"publish","type":"post","link":"https:\/\/bangpremier.fr\/index.php\/2026\/03\/06\/lindonesie-devient-le-dernier-pays-a-interdire-lacces-aux-reseaux-sociaux-aux-moins-de-16-ans\/","title":{"rendered":"L&#039;Indon\u00e9sie devient le dernier pays \u00e0 interdire l&#039;acc\u00e8s aux r\u00e9seaux sociaux aux moins de 16 ans"},"content":{"rendered":"<p><b>2026-03-06 18:35:32<\/b><br \/>\n<BR>L&#8217;Indon\u00e9sie est sur le point de devenir le dernier pays en date \u00e0 interdire les r\u00e9seaux sociaux aux moins de 16 ans. Ce pays asiatique, qui occupe la quatri\u00e8me place mondiale en termes de population, a approuv\u00e9 de nouvelles restrictions visant \u00e0 prot\u00e9ger les jeunes des dangers li\u00e9s \u00e0 ces plateformes.<BR><br \/>\nCette interdiction aurait un impact consid\u00e9rable sur une nation qui compte plus de 284 millions d&#8217;habitants et o\u00f9 l&#8217;utilisation d&#8217;Internet est tr\u00e8s r\u00e9pandue.<BR><br \/>\nDepuis que l&#8217;Australie a introduit l&#8217;ann\u00e9e derni\u00e8re la premi\u00e8re interdiction au monde des r\u00e9seaux sociaux pour les moins de 16 ans, plusieurs autres pays, dont l&#8217;Espagne, la France et l&#8217;Italie, ont annonc\u00e9 leur intention de faire de m\u00eame.<BR><br \/>\nLa ministre indon\u00e9sienne des Communications et du Num\u00e9rique, Meutya Hafid, a d\u00e9clar\u00e9 que son gouvernement &#8220;retarderait l&#8217;acc\u00e8s&#8221; des moins de 16 ans jusqu&#8217;\u00e0 ce que des plateformes telles que TikTok, Facebook et Instagram &#8220;remplissent leurs obligations&#8221;.<BR><br \/>\nElle n&#8217;a pas pr\u00e9cis\u00e9 la nature de ces obligations. \u00c0 partir du 28 mars, les comptes appartenant \u00e0 des adolescents de moins de 16 ans sur les &#8220;plateformes \u00e0 haut risque&#8221; seront progressivement d\u00e9sactiv\u00e9s, a annonc\u00e9 la ministre.<BR><br \/>\nDans une d\u00e9claration vid\u00e9o, Mme Hafid a d\u00e9clar\u00e9 : &#8220;Nous sommes conscients que cela peut causer un certain inconfort au d\u00e9but. Les enfants pourraient se plaindre et les parents pourraient \u00eatre d\u00e9concert\u00e9s face \u00e0 leurs plaintes.&#8221;<br \/>\n<br \/><a href=\"https:\/\/bangpremier.com\/\" target=\"_blank\"> Visit Bang Premier (main website) <\/a><br \/>\n<br \/><script src=\"https:\/\/geo.dailymotion.com\/player\/xt7m2.js\" data-params=\"mute=true\"><\/script><\/p>\n","protected":false},"excerpt":{"rendered":"<p>2026-03-06 18:35:32 L&#8217;Indon\u00e9sie est sur le point de devenir le dernier pays en date \u00e0 interdire les r\u00e9seaux sociaux aux moins de 16 ans. Ce pays asiatique, qui occupe la&hellip;<\/p>\n","protected":false},"author":1,"featured_media":11410,"comment_status":"closed","ping_status":"open","sticky":false,"template":"","format":"standard","meta":{"footnotes":""},"categories":[5],"tags":[],"class_list":["post-11486","post","type-post","status-publish","format-standard","has-post-thumbnail","hentry","category-technologie"],"_links":{"self":[{"href":"https:\/\/bangpremier.fr\/index.php\/wp-json\/wp\/v2\/posts\/11486","targetHints":{"allow":["GET"]}}],"collection":[{"href":"https:\/\/bangpremier.fr\/index.php\/wp-json\/wp\/v2\/posts"}],"about":[{"href":"https:\/\/bangpremier.fr\/index.php\/wp-json\/wp\/v2\/types\/post"}],"author":[{"embeddable":true,"href":"https:\/\/bangpremier.fr\/index.php\/wp-json\/wp\/v2\/users\/1"}],"replies":[{"embeddable":true,"href":"https:\/\/bangpremier.fr\/index.php\/wp-json\/wp\/v2\/comments?post=11486"}],"version-history":[{"count":1,"href":"https:\/\/bangpremier.fr\/index.php\/wp-json\/wp\/v2\/posts\/11486\/revisions"}],"predecessor-version":[{"id":11487,"href":"https:\/\/bangpremier.fr\/index.php\/wp-json\/wp\/v2\/posts\/11486\/revisions\/11487"}],"wp:featuredmedia":[{"embeddable":true,"href":"https:\/\/bangpremier.fr\/index.php\/wp-json\/wp\/v2\/media\/11410"}],"wp:attachment":[{"href":"https:\/\/bangpremier.fr\/index.php\/wp-json\/wp\/v2\/media?parent=11486"}],"wp:term":[{"taxonomy":"category","embeddable":true,"href":"https:\/\/bangpremier.fr\/index.php\/wp-json\/wp\/v2\/categories?post=11486"},{"taxonomy":"post_tag","embeddable":true,"href":"https:\/\/bangpremier.fr\/index.php\/wp-json\/wp\/v2\/tags?post=11486"}],"curies":[{"name":"wp","href":"https:\/\/api.w.org\/{rel}","templated":true}]}}