{"id":11481,"date":"2026-03-06T16:32:30","date_gmt":"2026-03-06T16:32:30","guid":{"rendered":"https:\/\/bangpremier.fr\/index.php\/2026\/03\/06\/daniel-radcliffe-ne-veut-pas-voir-son-fils-marcher-dans-ses-pas\/"},"modified":"2026-03-06T16:32:31","modified_gmt":"2026-03-06T16:32:31","slug":"daniel-radcliffe-ne-veut-pas-voir-son-fils-marcher-dans-ses-pas","status":"publish","type":"post","link":"https:\/\/bangpremier.fr\/index.php\/2026\/03\/06\/daniel-radcliffe-ne-veut-pas-voir-son-fils-marcher-dans-ses-pas\/","title":{"rendered":"Daniel Radcliffe ne veut pas voir son fils marcher dans ses pas"},"content":{"rendered":"<p><b>2026-03-06 16:32:29<\/b><br \/>\n<BR>Daniel Radcliffe pr\u00e9f\u00e9rerait que son fils ne se lance pas dans le m\u00e9tier d&#8217;acteur. La star de 36 ans n&#8217;avait que 11 ans lorsqu&#8217;il a pass\u00e9 l&#8217;audition pour incarner Harry Potter et a ensuite connu un grand succ\u00e8s dans ce r\u00f4le. L\u2019acteur a ainsi pass\u00e9 son enfance et son adolescence sous les projecteurs mais il aimerait que \u00e7a ne soit pas le cas pour son fils de deux ans, dont il est papa avec sa compagne Erin Drake.<BR><br \/>\nLorsqu&#8217;il lui a \u00e9t\u00e9 demand\u00e9 s&#8217;il aimerait que son fils devienne \u00e9galement acteur, Daniel a r\u00e9pondu dans l&#8217;\u00e9mission The View, l\u2019acteur a reconnu qu\u2019il voudrait lui donner une enfance normale. <BR><br \/>\n &#8220;Je pr\u00e9f\u00e9rerais qu&#8217;il ne le devienne pas&#8221; a confi\u00e9 l&#8217;acteur. &#8220;Erin et moi sommes tous deux acteurs, il voit donc que nous sommes passionn\u00e9s et que nous aimons notre m\u00e9tier.&#8221;<BR><br \/>\nDaniel a expliqu\u00e9 qu&#8217;il souhaiterait plut\u00f4t voir son fils trouver sa voie dans une autre domaine o\u00f9 il pourra s&#8217;\u00e9panouir plus facilement que dans le showbiz.<BR><br \/>\n &#8220;Comme beaucoup d&#8217;acteurs, je pense qu&#8217;une grande partie de l&#8217;image que nous avons de nous-m\u00eames est li\u00e9e \u00e0 notre travail&#8221; a ajout\u00e9 la star. &#8220;J&#8217;aimerais qu&#8217;il trouve un m\u00e9tier o\u00f9 son identit\u00e9 et son estime de lui ne soient pas aussi li\u00e9es \u00e0 cela.&#8221;<br \/>\n<br \/><a href=\"https:\/\/bangpremier.com\/\" target=\"_blank\"> Visit Bang Premier (main website) <\/a><br \/>\n<br \/><script src=\"https:\/\/geo.dailymotion.com\/player\/xt7m2.js\" data-params=\"mute=true\"><\/script><\/p>\n","protected":false},"excerpt":{"rendered":"<p>2026-03-06 16:32:29 Daniel Radcliffe pr\u00e9f\u00e9rerait que son fils ne se lance pas dans le m\u00e9tier d&#8217;acteur. La star de 36 ans n&#8217;avait que 11 ans lorsqu&#8217;il a pass\u00e9 l&#8217;audition pour&hellip;<\/p>\n","protected":false},"author":1,"featured_media":11482,"comment_status":"closed","ping_status":"open","sticky":false,"template":"","format":"standard","meta":{"footnotes":""},"categories":[1],"tags":[],"class_list":["post-11481","post","type-post","status-publish","format-standard","has-post-thumbnail","hentry","category-people"],"_links":{"self":[{"href":"https:\/\/bangpremier.fr\/index.php\/wp-json\/wp\/v2\/posts\/11481","targetHints":{"allow":["GET"]}}],"collection":[{"href":"https:\/\/bangpremier.fr\/index.php\/wp-json\/wp\/v2\/posts"}],"about":[{"href":"https:\/\/bangpremier.fr\/index.php\/wp-json\/wp\/v2\/types\/post"}],"author":[{"embeddable":true,"href":"https:\/\/bangpremier.fr\/index.php\/wp-json\/wp\/v2\/users\/1"}],"replies":[{"embeddable":true,"href":"https:\/\/bangpremier.fr\/index.php\/wp-json\/wp\/v2\/comments?post=11481"}],"version-history":[{"count":1,"href":"https:\/\/bangpremier.fr\/index.php\/wp-json\/wp\/v2\/posts\/11481\/revisions"}],"predecessor-version":[{"id":11483,"href":"https:\/\/bangpremier.fr\/index.php\/wp-json\/wp\/v2\/posts\/11481\/revisions\/11483"}],"wp:featuredmedia":[{"embeddable":true,"href":"https:\/\/bangpremier.fr\/index.php\/wp-json\/wp\/v2\/media\/11482"}],"wp:attachment":[{"href":"https:\/\/bangpremier.fr\/index.php\/wp-json\/wp\/v2\/media?parent=11481"}],"wp:term":[{"taxonomy":"category","embeddable":true,"href":"https:\/\/bangpremier.fr\/index.php\/wp-json\/wp\/v2\/categories?post=11481"},{"taxonomy":"post_tag","embeddable":true,"href":"https:\/\/bangpremier.fr\/index.php\/wp-json\/wp\/v2\/tags?post=11481"}],"curies":[{"name":"wp","href":"https:\/\/api.w.org\/{rel}","templated":true}]}}