{"id":11476,"date":"2026-03-06T14:33:14","date_gmt":"2026-03-06T14:33:14","guid":{"rendered":"https:\/\/bangpremier.fr\/index.php\/2026\/03\/06\/cruz-beckham-a-brise-son-silence-sur-la-querelle-qui-oppose-sa-famille-a-brooklyn-beckham\/"},"modified":"2026-03-06T14:33:15","modified_gmt":"2026-03-06T14:33:15","slug":"cruz-beckham-a-brise-son-silence-sur-la-querelle-qui-oppose-sa-famille-a-brooklyn-beckham","status":"publish","type":"post","link":"https:\/\/bangpremier.fr\/index.php\/2026\/03\/06\/cruz-beckham-a-brise-son-silence-sur-la-querelle-qui-oppose-sa-famille-a-brooklyn-beckham\/","title":{"rendered":"Cruz Beckham a bris\u00e9 son silence sur la querelle qui oppose sa famille \u00e0 Brooklyn Beckham"},"content":{"rendered":"<p><b>2026-03-06 14:33:13<\/b><br \/>\n<BR>Brooklyn Beckham s&#8217;est brouill\u00e9 avec ses c\u00e9l\u00e8bres parents David et Victoria Beckham, et a r\u00e9cemment publi\u00e9 un long post dans lequel il affirme que sa compagne Nicola a \u00e9t\u00e9 trait\u00e9e de fa\u00e7on injuste par le couple.  La querelle familiale a \u00e9galement caus\u00e9 une rupture avec ses fr\u00e8res Cruz, 21 ans, et Romeo, 23 ans, ainsi qu&#8217;avec sa s\u0153ur Harper, 14 ans.Cependant, Cruz a maintenant insist\u00e9 sur le fait qu&#8217;il \u00e9tait pr\u00eat \u00e0 se r\u00e9concilier avec son fr\u00e8re a\u00een\u00e9. <BR><br \/>\nDans une vid\u00e9o publi\u00e9e par TMZ.com, on peut voir un journaliste demander \u00e0 Cruz s&#8217;il avait des v\u0153ux \u00e0 adresser \u00e0 Brooklyn, qui a f\u00eat\u00e9 ses 27 ans mercredi 4 mars. Le jeune homme a alors r\u00e9pondu &#8220;Joyeux anniversaire&#8221;. <BR><br \/>\nEt quand il lui a \u00e9t\u00e9 demand\u00e9 si les fr\u00e8res allaient pouvoir r\u00e9parer leur relation, Cruz a simplement r\u00e9torqu\u00e9: &#8220;Je l&#8217;esp\u00e8re.&#8221;<BR><br \/>\nBrooklyn avait demand\u00e9 \u00e0 ne plus \u00eatre mentionn\u00e9 par sa famille sur les r\u00e9seaux sociaux mais Cruz a quand m\u00eame post\u00e9 un hommage \u00e0 son fr\u00e8re pour son anniversaire en \u00e9crivant &#8220;Je t&#8217;aime&#8221; en l\u00e9gende. David et Victoria ont \u00e9galement partag\u00e9 publiquement des messages d&#8217;anniversaire pour leur fils.<br \/>\n<br \/><a href=\"https:\/\/bangpremier.com\/\" target=\"_blank\"> Visit Bang Premier (main website) <\/a><br \/>\n<br \/><script src=\"https:\/\/geo.dailymotion.com\/player\/xt7m2.js\" data-params=\"mute=true\"><\/script><\/p>\n","protected":false},"excerpt":{"rendered":"<p>2026-03-06 14:33:13 Brooklyn Beckham s&#8217;est brouill\u00e9 avec ses c\u00e9l\u00e8bres parents David et Victoria Beckham, et a r\u00e9cemment publi\u00e9 un long post dans lequel il affirme que sa compagne Nicola a&hellip;<\/p>\n","protected":false},"author":1,"featured_media":11271,"comment_status":"closed","ping_status":"open","sticky":false,"template":"","format":"standard","meta":{"footnotes":""},"categories":[1],"tags":[],"class_list":["post-11476","post","type-post","status-publish","format-standard","has-post-thumbnail","hentry","category-people"],"_links":{"self":[{"href":"https:\/\/bangpremier.fr\/index.php\/wp-json\/wp\/v2\/posts\/11476","targetHints":{"allow":["GET"]}}],"collection":[{"href":"https:\/\/bangpremier.fr\/index.php\/wp-json\/wp\/v2\/posts"}],"about":[{"href":"https:\/\/bangpremier.fr\/index.php\/wp-json\/wp\/v2\/types\/post"}],"author":[{"embeddable":true,"href":"https:\/\/bangpremier.fr\/index.php\/wp-json\/wp\/v2\/users\/1"}],"replies":[{"embeddable":true,"href":"https:\/\/bangpremier.fr\/index.php\/wp-json\/wp\/v2\/comments?post=11476"}],"version-history":[{"count":1,"href":"https:\/\/bangpremier.fr\/index.php\/wp-json\/wp\/v2\/posts\/11476\/revisions"}],"predecessor-version":[{"id":11477,"href":"https:\/\/bangpremier.fr\/index.php\/wp-json\/wp\/v2\/posts\/11476\/revisions\/11477"}],"wp:featuredmedia":[{"embeddable":true,"href":"https:\/\/bangpremier.fr\/index.php\/wp-json\/wp\/v2\/media\/11271"}],"wp:attachment":[{"href":"https:\/\/bangpremier.fr\/index.php\/wp-json\/wp\/v2\/media?parent=11476"}],"wp:term":[{"taxonomy":"category","embeddable":true,"href":"https:\/\/bangpremier.fr\/index.php\/wp-json\/wp\/v2\/categories?post=11476"},{"taxonomy":"post_tag","embeddable":true,"href":"https:\/\/bangpremier.fr\/index.php\/wp-json\/wp\/v2\/tags?post=11476"}],"curies":[{"name":"wp","href":"https:\/\/api.w.org\/{rel}","templated":true}]}}