{"id":11470,"date":"2026-03-06T09:35:46","date_gmt":"2026-03-06T09:35:46","guid":{"rendered":"https:\/\/bangpremier.fr\/index.php\/2026\/03\/06\/mort-deric-dane-les-memoires-posthumes-de-lacteur-paraitront-dans-le-courant-de-lannee\/"},"modified":"2026-03-06T09:35:47","modified_gmt":"2026-03-06T09:35:47","slug":"mort-deric-dane-les-memoires-posthumes-de-lacteur-paraitront-dans-le-courant-de-lannee","status":"publish","type":"post","link":"https:\/\/bangpremier.fr\/index.php\/2026\/03\/06\/mort-deric-dane-les-memoires-posthumes-de-lacteur-paraitront-dans-le-courant-de-lannee\/","title":{"rendered":"Mort d&#039;Eric Dane : les m\u00e9moires posthumes de l&#039;acteur paraitront dans le courant de l&#039;ann\u00e9e"},"content":{"rendered":"<p><b>2026-03-06 09:35:46<\/b><br \/>\n<BR>Les m\u00e9moires d&#8217;Eric Dane seront publi\u00e9es \u00e0 titre posthume dans le courant de l&#8217;ann\u00e9e. L&#8217;acteur est d\u00e9c\u00e9d\u00e9 le 19 f\u00e9vrier \u00e0 l&#8217;\u00e2ge de 53 ans et avait achev\u00e9 peu avant sa mort un manuscrit qui sera d\u00e9sormais publi\u00e9 sous le titre &#8220;My Book of Days: A Memoir in Moments&#8221;.<BR><br \/>\nLe livre sera publi\u00e9 le 3 novembre par The Open Field, une filiale de Penguin Random House fond\u00e9e par Maria Shriver. <BR><br \/>\nEric, surtout connu pour ses r\u00f4les dans &#8220;Grey&#8217;s Anatomy&#8221; et &#8220;Euphoria&#8221;, avait r\u00e9v\u00e9l\u00e9 publiquement dix mois avant sa mort qu&#8217;il \u00e9tait atteint d&#8217;une scl\u00e9rose lat\u00e9rale amyotrophique, \u00e9galement connue sous le nom de SLA ou maladie de Lou Gehrig.  Selon son \u00e9diteur, Eric a continu\u00e9 \u00e0 travailler sur le manuscrit jusqu&#8217;\u00e0 peu avant sa mort.<br \/>\n<br \/><a href=\"https:\/\/bangpremier.com\/\" target=\"_blank\"> Visit Bang Premier (main website) <\/a><br \/>\n<br \/><script src=\"https:\/\/geo.dailymotion.com\/player\/xt7m2.js\" data-params=\"mute=true\"><\/script><\/p>\n","protected":false},"excerpt":{"rendered":"<p>2026-03-06 09:35:46 Les m\u00e9moires d&#8217;Eric Dane seront publi\u00e9es \u00e0 titre posthume dans le courant de l&#8217;ann\u00e9e. L&#8217;acteur est d\u00e9c\u00e9d\u00e9 le 19 f\u00e9vrier \u00e0 l&#8217;\u00e2ge de 53 ans et avait achev\u00e9&hellip;<\/p>\n","protected":false},"author":1,"featured_media":11377,"comment_status":"closed","ping_status":"open","sticky":false,"template":"","format":"standard","meta":{"footnotes":""},"categories":[1],"tags":[],"class_list":["post-11470","post","type-post","status-publish","format-standard","has-post-thumbnail","hentry","category-people"],"_links":{"self":[{"href":"https:\/\/bangpremier.fr\/index.php\/wp-json\/wp\/v2\/posts\/11470","targetHints":{"allow":["GET"]}}],"collection":[{"href":"https:\/\/bangpremier.fr\/index.php\/wp-json\/wp\/v2\/posts"}],"about":[{"href":"https:\/\/bangpremier.fr\/index.php\/wp-json\/wp\/v2\/types\/post"}],"author":[{"embeddable":true,"href":"https:\/\/bangpremier.fr\/index.php\/wp-json\/wp\/v2\/users\/1"}],"replies":[{"embeddable":true,"href":"https:\/\/bangpremier.fr\/index.php\/wp-json\/wp\/v2\/comments?post=11470"}],"version-history":[{"count":1,"href":"https:\/\/bangpremier.fr\/index.php\/wp-json\/wp\/v2\/posts\/11470\/revisions"}],"predecessor-version":[{"id":11471,"href":"https:\/\/bangpremier.fr\/index.php\/wp-json\/wp\/v2\/posts\/11470\/revisions\/11471"}],"wp:featuredmedia":[{"embeddable":true,"href":"https:\/\/bangpremier.fr\/index.php\/wp-json\/wp\/v2\/media\/11377"}],"wp:attachment":[{"href":"https:\/\/bangpremier.fr\/index.php\/wp-json\/wp\/v2\/media?parent=11470"}],"wp:term":[{"taxonomy":"category","embeddable":true,"href":"https:\/\/bangpremier.fr\/index.php\/wp-json\/wp\/v2\/categories?post=11470"},{"taxonomy":"post_tag","embeddable":true,"href":"https:\/\/bangpremier.fr\/index.php\/wp-json\/wp\/v2\/tags?post=11470"}],"curies":[{"name":"wp","href":"https:\/\/api.w.org\/{rel}","templated":true}]}}