{"id":11451,"date":"2026-03-05T10:35:20","date_gmt":"2026-03-05T10:35:20","guid":{"rendered":"https:\/\/bangpremier.fr\/index.php\/2026\/03\/05\/selena-gomez-fait-de-rares-revelations-sur-son-trouble-bipolaire\/"},"modified":"2026-03-05T10:35:21","modified_gmt":"2026-03-05T10:35:21","slug":"selena-gomez-fait-de-rares-revelations-sur-son-trouble-bipolaire","status":"publish","type":"post","link":"https:\/\/bangpremier.fr\/index.php\/2026\/03\/05\/selena-gomez-fait-de-rares-revelations-sur-son-trouble-bipolaire\/","title":{"rendered":"Selena Gomez fait de rares r\u00e9v\u00e9lations sur son trouble bipolaire"},"content":{"rendered":"<p><b>2026-03-05 10:35:19<\/b><br \/>\n<BR>Selena Gomez pense avoir \u00e9t\u00e9 mal diagnostiqu\u00e9e avant d&#8217;apprendre qu&#8217;elle souffrait d&#8217;un trouble bipolaire.<BR><br \/>\nLa star de 33 ans a r\u00e9v\u00e9l\u00e9 que le processus pour obtenir une th\u00e9rapie \u00e9tait tellement compliqu\u00e9 qu&#8217;elle s&#8217;est retrouv\u00e9e \u00e0 consulter plusieurs personnes diff\u00e9rentes. <BR><br \/>\nInvit\u00e9e du podcast Friends Keep Secrets avec son mari Benny Blanco, elle a d\u00e9clar\u00e9 : \u201cJe savais que quelque chose n&#8217;allait pas, mais je pense que j&#8217;ai \u00e9t\u00e9 mal diagnostiqu\u00e9e. Les gens faisaient des suppositions, et j&#8217;ai essay\u00e9 plusieurs th\u00e9rapeutes. C&#8217;est pourquoi c&#8217;est difficile. C&#8217;est vraiment dur quand on parle de ces choses-l\u00e0. Et pour moi, aller voir un th\u00e9rapeute, tout \u00e7a, c&#8217;est tellement compliqu\u00e9.\u201d<BR><br \/>\nSelena, qui a suivi quatre s\u00e9jour dans un centre sp\u00e9cialis\u00e9 diff\u00e9rentes pour comprendre son diagnostic, a toutefois soulign\u00e9 combien il est important de ne pas abandonner.<BR><br \/>\nDe son c\u00f4t\u00e9, Benny \u00e0 expliqu\u00e9 que l&#8217;actrice souffre encore de crises qu\u2019ils doivent g\u00e9rer ensemble. <BR><br \/>\n\u201cElle commence \u00e0 se rendre compte qu&#8217;elle est en pleine crise apr\u00e8s coup, et parfois, elle ne se souvient m\u00eame pas quand cela se produit\u201d a-t-il confi\u00e9. \u201cC&#8217;est une situation tr\u00e8s d\u00e9licate, car techniquement, on n&#8217;est pas cens\u00e9 en parler \u00e0 la personne concern\u00e9e lorsqu&#8217;elle est en pleine crise.\u201d<br \/>\n<br \/><a href=\"https:\/\/bangpremier.com\/\" target=\"_blank\"> Visit Bang Premier (main website) <\/a><br \/>\n<br \/><script src=\"https:\/\/geo.dailymotion.com\/player\/xt7m2.js\" data-params=\"mute=true\"><\/script><\/p>\n","protected":false},"excerpt":{"rendered":"<p>2026-03-05 10:35:19 Selena Gomez pense avoir \u00e9t\u00e9 mal diagnostiqu\u00e9e avant d&#8217;apprendre qu&#8217;elle souffrait d&#8217;un trouble bipolaire. La star de 33 ans a r\u00e9v\u00e9l\u00e9 que le processus pour obtenir une th\u00e9rapie&hellip;<\/p>\n","protected":false},"author":1,"featured_media":6391,"comment_status":"closed","ping_status":"open","sticky":false,"template":"","format":"standard","meta":{"footnotes":""},"categories":[1],"tags":[],"class_list":["post-11451","post","type-post","status-publish","format-standard","has-post-thumbnail","hentry","category-people"],"_links":{"self":[{"href":"https:\/\/bangpremier.fr\/index.php\/wp-json\/wp\/v2\/posts\/11451","targetHints":{"allow":["GET"]}}],"collection":[{"href":"https:\/\/bangpremier.fr\/index.php\/wp-json\/wp\/v2\/posts"}],"about":[{"href":"https:\/\/bangpremier.fr\/index.php\/wp-json\/wp\/v2\/types\/post"}],"author":[{"embeddable":true,"href":"https:\/\/bangpremier.fr\/index.php\/wp-json\/wp\/v2\/users\/1"}],"replies":[{"embeddable":true,"href":"https:\/\/bangpremier.fr\/index.php\/wp-json\/wp\/v2\/comments?post=11451"}],"version-history":[{"count":1,"href":"https:\/\/bangpremier.fr\/index.php\/wp-json\/wp\/v2\/posts\/11451\/revisions"}],"predecessor-version":[{"id":11452,"href":"https:\/\/bangpremier.fr\/index.php\/wp-json\/wp\/v2\/posts\/11451\/revisions\/11452"}],"wp:featuredmedia":[{"embeddable":true,"href":"https:\/\/bangpremier.fr\/index.php\/wp-json\/wp\/v2\/media\/6391"}],"wp:attachment":[{"href":"https:\/\/bangpremier.fr\/index.php\/wp-json\/wp\/v2\/media?parent=11451"}],"wp:term":[{"taxonomy":"category","embeddable":true,"href":"https:\/\/bangpremier.fr\/index.php\/wp-json\/wp\/v2\/categories?post=11451"},{"taxonomy":"post_tag","embeddable":true,"href":"https:\/\/bangpremier.fr\/index.php\/wp-json\/wp\/v2\/tags?post=11451"}],"curies":[{"name":"wp","href":"https:\/\/api.w.org\/{rel}","templated":true}]}}