{"id":11448,"date":"2026-03-05T07:31:06","date_gmt":"2026-03-05T07:31:06","guid":{"rendered":"https:\/\/bangpremier.fr\/index.php\/2026\/03\/05\/harry-styles-brise-son-silence-sur-la-mort-de-liam-payne\/"},"modified":"2026-03-05T07:31:18","modified_gmt":"2026-03-05T07:31:18","slug":"harry-styles-brise-son-silence-sur-la-mort-de-liam-payne","status":"publish","type":"post","link":"https:\/\/bangpremier.fr\/index.php\/2026\/03\/05\/harry-styles-brise-son-silence-sur-la-mort-de-liam-payne\/","title":{"rendered":"Harry Styles brise son silence sur la mort de Liam Payne"},"content":{"rendered":"<p><b>2026-03-05 07:31:06<\/b><br \/>\n<BR>Liam Payne est d\u00e9c\u00e9d\u00e9 \u00e0 l&#8217;\u00e2ge de 31 ans le 16 octobre 2024 apr\u00e8s \u00eatre tomb\u00e9 du balcon de sa chambre d\u2019h\u00f4tel en Argentine, une nouvelle qui a choqu\u00e9 la plan\u00e8te ainsi que ses anciens camarades de One Direction. <BR><br \/>\nFace \u00e0 Zane Lowe pour Apple Music, Harry Styles s\u2019est exprim\u00e9 pour la premi\u00e8re fois sur la mort de son ami.<BR><br \/>\n\u201cCe fut un moment tr\u00e8s important pour moi, car cela m&#8217;a permis de r\u00e9fl\u00e9chir \u00e0 ma vie et de me demander ce que je voulais en faire\u201d a-t-il confi\u00e9. \u201cEt je pense que la meilleure fa\u00e7on d&#8217;honorer ses amis qui nous quittent, c&#8217;est de vivre sa vie pleinement. C&#8217;\u00e9tait une personne tr\u00e8s sp\u00e9ciale, c&#8217;est vraiment triste.\u201d<BR><br \/>\nHarry a \u00e9galement admis avoir eu du mal \u00e0 parler de la mort de Liam et \u00e0 surmonter son chagrin.<BR><br \/>\n\u201cM\u00eame l&#8217;id\u00e9e d&#8217;en parler me pose un peu probl\u00e8me\u201d a reconnu la star. \u201cJe pense qu&#8217;il y a eu une p\u00e9riode, apr\u00e8s son d\u00e9c\u00e8s, o\u00f9 j&#8217;ai vraiment eu du mal \u00e0 accepter \u00e0 quel point il est \u00e9trange que les gens s&#8217;approprient en quelque sorte une partie de votre chagrin. Je ressens des \u00e9motions tr\u00e8s fortes li\u00e9es au d\u00e9c\u00e8s de mon ami, et puis soudain, je prends conscience que d&#8217;autres personnes souhaitent peut-\u00eatre que vous exprimiez cela d&#8217;une certaine mani\u00e8re.\u201d<br \/>\n<br \/><a href=\"https:\/\/bangpremier.com\/\" target=\"_blank\"> Visit Bang Premier (main website) <\/a><br \/>\n<br \/><script src=\"https:\/\/geo.dailymotion.com\/player\/xt7m2.js\" data-params=\"mute=true\"><\/script><\/p>\n","protected":false},"excerpt":{"rendered":"<p>2026-03-05 07:31:06 Liam Payne est d\u00e9c\u00e9d\u00e9 \u00e0 l&#8217;\u00e2ge de 31 ans le 16 octobre 2024 apr\u00e8s \u00eatre tomb\u00e9 du balcon de sa chambre d\u2019h\u00f4tel en Argentine, une nouvelle qui a&hellip;<\/p>\n","protected":false},"author":1,"featured_media":11449,"comment_status":"closed","ping_status":"open","sticky":false,"template":"","format":"standard","meta":{"footnotes":""},"categories":[1],"tags":[],"class_list":["post-11448","post","type-post","status-publish","format-standard","has-post-thumbnail","hentry","category-people"],"_links":{"self":[{"href":"https:\/\/bangpremier.fr\/index.php\/wp-json\/wp\/v2\/posts\/11448","targetHints":{"allow":["GET"]}}],"collection":[{"href":"https:\/\/bangpremier.fr\/index.php\/wp-json\/wp\/v2\/posts"}],"about":[{"href":"https:\/\/bangpremier.fr\/index.php\/wp-json\/wp\/v2\/types\/post"}],"author":[{"embeddable":true,"href":"https:\/\/bangpremier.fr\/index.php\/wp-json\/wp\/v2\/users\/1"}],"replies":[{"embeddable":true,"href":"https:\/\/bangpremier.fr\/index.php\/wp-json\/wp\/v2\/comments?post=11448"}],"version-history":[{"count":1,"href":"https:\/\/bangpremier.fr\/index.php\/wp-json\/wp\/v2\/posts\/11448\/revisions"}],"predecessor-version":[{"id":11450,"href":"https:\/\/bangpremier.fr\/index.php\/wp-json\/wp\/v2\/posts\/11448\/revisions\/11450"}],"wp:featuredmedia":[{"embeddable":true,"href":"https:\/\/bangpremier.fr\/index.php\/wp-json\/wp\/v2\/media\/11449"}],"wp:attachment":[{"href":"https:\/\/bangpremier.fr\/index.php\/wp-json\/wp\/v2\/media?parent=11448"}],"wp:term":[{"taxonomy":"category","embeddable":true,"href":"https:\/\/bangpremier.fr\/index.php\/wp-json\/wp\/v2\/categories?post=11448"},{"taxonomy":"post_tag","embeddable":true,"href":"https:\/\/bangpremier.fr\/index.php\/wp-json\/wp\/v2\/tags?post=11448"}],"curies":[{"name":"wp","href":"https:\/\/api.w.org\/{rel}","templated":true}]}}