{"id":11437,"date":"2026-03-04T14:08:08","date_gmt":"2026-03-04T14:08:08","guid":{"rendered":"https:\/\/bangpremier.fr\/index.php\/2026\/03\/04\/selena-gomez-a-admis-avoir-inspire-une-chanson-ecrite-par-taylor-swift\/"},"modified":"2026-03-04T14:08:10","modified_gmt":"2026-03-04T14:08:10","slug":"selena-gomez-a-admis-avoir-inspire-une-chanson-ecrite-par-taylor-swift","status":"publish","type":"post","link":"https:\/\/bangpremier.fr\/index.php\/2026\/03\/04\/selena-gomez-a-admis-avoir-inspire-une-chanson-ecrite-par-taylor-swift\/","title":{"rendered":"Selena Gomez a admis avoir inspir\u00e9 une chanson \u00e9crite par Taylor Swift"},"content":{"rendered":"<p><b>2026-03-04 14:08:07<\/b><br \/>\n<BR>Les fans ont longuement suppos\u00e9 que Selena Gomez \u00e9tait le sujet de la chanson &#8220;Dorothea&#8221;, qui figure sur l&#8217;album &#8220;Evermore&#8221; de Taylor Swift, et la star a confirm\u00e9 ces dires. Taylor y d\u00e9crit l&#8217;\u00e9volution de leur amiti\u00e9 de l&#8217;adolescence \u00e0 l&#8217;\u00e2ge adulte.<BR><br \/>\nDans le podcast &#8220;Friends Keep Secrets&#8221; de son mari Benny Blanco, Selena a d\u00e9clar\u00e9 : &#8220;Dorothea parle de moi. J&#8217;ai l&#8217;impression que beaucoup de moments importants qui ont d\u00e9fini notre personnalit\u00e9, des relations \u00e0 la famille, en passant par l&#8217;amour et la haine, tout ce qui se trouve entre les deux, nous \u00e9tions en train de le d\u00e9couvrir parce que j&#8217;avais 15 ans et elle 18.&#8221;<BR><br \/>\nSelena poursuit : &#8220;Nous ne savions pas vraiment ce qui se passait. Nous ne nous sommes jamais vues diff\u00e9remment. Quand je l&#8217;\u00e9coute, je suis tr\u00e8s impressionn\u00e9e par la fa\u00e7on dont c&#8217;est exprim\u00e9 avec \u00e9loquence.&#8221;<BR><br \/>\nSelena a r\u00e9v\u00e9l\u00e9 qu&#8217;elle avait \u00e9galement inspir\u00e9 une autre chanson de Taylor qui n&#8217;a jamais \u00e9t\u00e9 d\u00e9voil\u00e9e.<BR><br \/>\n &#8220;Il y a cette chanson que Taylor a \u00e9crite sur nous et qui s&#8217;intitule &#8216;Family'&#8221; a confi\u00e9 la star.<br \/>\n<br \/><a href=\"https:\/\/bangpremier.com\/\" target=\"_blank\"> Visit Bang Premier (main website) <\/a><br \/>\n<br \/><script src=\"https:\/\/geo.dailymotion.com\/player\/xt7m2.js\" data-params=\"mute=true\"><\/script><\/p>\n","protected":false},"excerpt":{"rendered":"<p>2026-03-04 14:08:07 Les fans ont longuement suppos\u00e9 que Selena Gomez \u00e9tait le sujet de la chanson &#8220;Dorothea&#8221;, qui figure sur l&#8217;album &#8220;Evermore&#8221; de Taylor Swift, et la star a confirm\u00e9&hellip;<\/p>\n","protected":false},"author":1,"featured_media":6359,"comment_status":"closed","ping_status":"open","sticky":false,"template":"","format":"standard","meta":{"footnotes":""},"categories":[1],"tags":[],"class_list":["post-11437","post","type-post","status-publish","format-standard","has-post-thumbnail","hentry","category-people"],"_links":{"self":[{"href":"https:\/\/bangpremier.fr\/index.php\/wp-json\/wp\/v2\/posts\/11437","targetHints":{"allow":["GET"]}}],"collection":[{"href":"https:\/\/bangpremier.fr\/index.php\/wp-json\/wp\/v2\/posts"}],"about":[{"href":"https:\/\/bangpremier.fr\/index.php\/wp-json\/wp\/v2\/types\/post"}],"author":[{"embeddable":true,"href":"https:\/\/bangpremier.fr\/index.php\/wp-json\/wp\/v2\/users\/1"}],"replies":[{"embeddable":true,"href":"https:\/\/bangpremier.fr\/index.php\/wp-json\/wp\/v2\/comments?post=11437"}],"version-history":[{"count":1,"href":"https:\/\/bangpremier.fr\/index.php\/wp-json\/wp\/v2\/posts\/11437\/revisions"}],"predecessor-version":[{"id":11438,"href":"https:\/\/bangpremier.fr\/index.php\/wp-json\/wp\/v2\/posts\/11437\/revisions\/11438"}],"wp:featuredmedia":[{"embeddable":true,"href":"https:\/\/bangpremier.fr\/index.php\/wp-json\/wp\/v2\/media\/6359"}],"wp:attachment":[{"href":"https:\/\/bangpremier.fr\/index.php\/wp-json\/wp\/v2\/media?parent=11437"}],"wp:term":[{"taxonomy":"category","embeddable":true,"href":"https:\/\/bangpremier.fr\/index.php\/wp-json\/wp\/v2\/categories?post=11437"},{"taxonomy":"post_tag","embeddable":true,"href":"https:\/\/bangpremier.fr\/index.php\/wp-json\/wp\/v2\/tags?post=11437"}],"curies":[{"name":"wp","href":"https:\/\/api.w.org\/{rel}","templated":true}]}}