{"id":11416,"date":"2026-03-03T13:40:19","date_gmt":"2026-03-03T13:40:19","guid":{"rendered":"https:\/\/bangpremier.fr\/index.php\/2026\/03\/03\/eric-dane-la-cause-exacte-de-sa-mort-a-ete-revelee\/"},"modified":"2026-03-03T13:40:20","modified_gmt":"2026-03-03T13:40:20","slug":"eric-dane-la-cause-exacte-de-sa-mort-a-ete-revelee","status":"publish","type":"post","link":"https:\/\/bangpremier.fr\/index.php\/2026\/03\/03\/eric-dane-la-cause-exacte-de-sa-mort-a-ete-revelee\/","title":{"rendered":"Eric Dane : la cause exacte de sa mort a \u00e9t\u00e9 r\u00e9v\u00e9l\u00e9e"},"content":{"rendered":"<p><b>2026-03-03 13:40:18<\/b><br \/>\n<BR>Le certificat de d\u00e9c\u00e8s d&#8217;Eric Dane a \u00e9t\u00e9 consult\u00e9 par People et celui-ci confirme qu&#8217;il est d\u00e9c\u00e9d\u00e9 d&#8217;une insuffisance respiratoire. La scl\u00e9rose lat\u00e9rale amyotrophique (SLA) est mentionn\u00e9e comme cause sous-jacente.<BR><br \/>\nDane, qui \u00e9tait \u00e2g\u00e9 de 53 ans lorsqu&#8217;il est d\u00e9c\u00e9d\u00e9 le 19 f\u00e9vrier, avait r\u00e9v\u00e9l\u00e9 publiquement son diagnostic de SLA en avril 2025, pr\u00e8s d&#8217;un an avant sa mort.<BR><br \/>\nLa famille de l\u2019acteur a \u00e9t\u00e9 la premi\u00e8re \u00e0 annoncer son d\u00e9c\u00e8s, r\u00e9v\u00e9lant qu&#8217;il \u00e9tait entour\u00e9 de ses proches dans les jours qui ont pr\u00e9c\u00e9d\u00e9 sa mort.<BR><br \/>\nDans une d\u00e9claration partag\u00e9e avec People, la famille a d\u00e9clar\u00e9 : \u201cC&#8217;est avec le c\u0153ur lourd que nous vous annon\u00e7ons qu&#8217;Eric Dane est d\u00e9c\u00e9d\u00e9 jeudi apr\u00e8s-midi apr\u00e8s avoir men\u00e9 un combat courageux contre la SLA. Il a pass\u00e9 ses derniers jours entour\u00e9 de ses amis proches, de sa femme d\u00e9vou\u00e9e et de ses deux magnifiques filles, Billie et Georgia, qui \u00e9taient le centre de son univers.\u201d<BR><br \/>\nIls poursuivent : \u201cTout au long de son combat contre la SLA, Eric est devenu un fervent d\u00e9fenseur de la sensibilisation et de la recherche, d\u00e9termin\u00e9 \u00e0 faire une diff\u00e9rence pour les autres personnes confront\u00e9es au m\u00eame combat. Il nous manquera profond\u00e9ment et restera \u00e0 jamais dans nos m\u00e9moires. Eric adorait ses fans et leur sera \u00e9ternellement reconnaissant pour l&#8217;amour et le soutien qu&#8217;ils lui ont t\u00e9moign\u00e9s. La famille a demand\u00e9 que son intimit\u00e9 soit respect\u00e9e pendant cette p\u00e9riode difficile.\u201d<BR><br \/>\nDane avait r\u00e9v\u00e9l\u00e9 son diagnostic en avril 2025.<br \/>\n<br \/><a href=\"https:\/\/bangpremier.com\/\" target=\"_blank\"> Visit Bang Premier (main website) <\/a><br \/>\n<br \/><script src=\"https:\/\/geo.dailymotion.com\/player\/xt7m2.js\" data-params=\"mute=true\"><\/script><\/p>\n","protected":false},"excerpt":{"rendered":"<p>2026-03-03 13:40:18 Le certificat de d\u00e9c\u00e8s d&#8217;Eric Dane a \u00e9t\u00e9 consult\u00e9 par People et celui-ci confirme qu&#8217;il est d\u00e9c\u00e9d\u00e9 d&#8217;une insuffisance respiratoire. La scl\u00e9rose lat\u00e9rale amyotrophique (SLA) est mentionn\u00e9e comme&hellip;<\/p>\n","protected":false},"author":1,"featured_media":11377,"comment_status":"closed","ping_status":"open","sticky":false,"template":"","format":"standard","meta":{"footnotes":""},"categories":[1],"tags":[],"class_list":["post-11416","post","type-post","status-publish","format-standard","has-post-thumbnail","hentry","category-people"],"_links":{"self":[{"href":"https:\/\/bangpremier.fr\/index.php\/wp-json\/wp\/v2\/posts\/11416","targetHints":{"allow":["GET"]}}],"collection":[{"href":"https:\/\/bangpremier.fr\/index.php\/wp-json\/wp\/v2\/posts"}],"about":[{"href":"https:\/\/bangpremier.fr\/index.php\/wp-json\/wp\/v2\/types\/post"}],"author":[{"embeddable":true,"href":"https:\/\/bangpremier.fr\/index.php\/wp-json\/wp\/v2\/users\/1"}],"replies":[{"embeddable":true,"href":"https:\/\/bangpremier.fr\/index.php\/wp-json\/wp\/v2\/comments?post=11416"}],"version-history":[{"count":1,"href":"https:\/\/bangpremier.fr\/index.php\/wp-json\/wp\/v2\/posts\/11416\/revisions"}],"predecessor-version":[{"id":11417,"href":"https:\/\/bangpremier.fr\/index.php\/wp-json\/wp\/v2\/posts\/11416\/revisions\/11417"}],"wp:featuredmedia":[{"embeddable":true,"href":"https:\/\/bangpremier.fr\/index.php\/wp-json\/wp\/v2\/media\/11377"}],"wp:attachment":[{"href":"https:\/\/bangpremier.fr\/index.php\/wp-json\/wp\/v2\/media?parent=11416"}],"wp:term":[{"taxonomy":"category","embeddable":true,"href":"https:\/\/bangpremier.fr\/index.php\/wp-json\/wp\/v2\/categories?post=11416"},{"taxonomy":"post_tag","embeddable":true,"href":"https:\/\/bangpremier.fr\/index.php\/wp-json\/wp\/v2\/tags?post=11416"}],"curies":[{"name":"wp","href":"https:\/\/api.w.org\/{rel}","templated":true}]}}