{"id":11412,"date":"2026-03-03T07:33:22","date_gmt":"2026-03-03T07:33:22","guid":{"rendered":"https:\/\/bangpremier.fr\/index.php\/2026\/03\/03\/james-van-der-beek-prevoyait-un-reboot-de-dawson-avant-sa-mort\/"},"modified":"2026-03-03T07:33:23","modified_gmt":"2026-03-03T07:33:23","slug":"james-van-der-beek-prevoyait-un-reboot-de-dawson-avant-sa-mort","status":"publish","type":"post","link":"https:\/\/bangpremier.fr\/index.php\/2026\/03\/03\/james-van-der-beek-prevoyait-un-reboot-de-dawson-avant-sa-mort\/","title":{"rendered":"James Van Der Beek pr\u00e9voyait un reboot de Dawson avant sa mort"},"content":{"rendered":"<p><b>2026-03-03 07:33:21<\/b><br \/>\n<BR>James Van Der Beek est d\u00e9c\u00e9d\u00e9 le 11 f\u00e9vrier dernier \u00e0 l&#8217;\u00e2ge de 48 ans des suites d&#8217;un cancer colorectal et Kevin Williamson, le cr\u00e9ateur de la c\u00e9l\u00e8bre s\u00e9rie \u201cDawson\u201d a r\u00e9v\u00e9l\u00e9 qu\u2019ils avaient discut\u00e9 \u00e0 plusieurs reprises d\u2019un potentiel reboot. <BR><br \/>\n\u201cJames et moi avons parl\u00e9 \u00e0 plusieurs reprises de relancer Dawson&#8217;. Il voulait le faire\u201d \u2018\u00e0 r\u00e9v\u00e9l\u00e9 Kevin \u00e0 Esquire. \u201cEt en fait, \u00e0 un moment donn\u00e9, il allait l&#8217;\u00e9crire, et il avait une tr\u00e8s bonne id\u00e9e.\u201d<BR><br \/>\nKevin a r\u00e9v\u00e9l\u00e9 que le concept du reboot \u00e9tait inspir\u00e9 de la s\u00e9rie \u00e0 succ\u00e8s This Is Us, et que James \u00e9tait impatient de retourner dans le monde fictif de Capeside.<BR><br \/>\n\u201cIl avait un projet magnifique\u201d a confi\u00e9 le sc\u00e9nariste. Puis je pense qu&#8217;il a rejoint une s\u00e9rie et tout le monde s&#8217;est retrouv\u00e9 tr\u00e8s occup\u00e9. Cela ne s&#8217;est jamais concr\u00e9tis\u00e9. Mais on en a beaucoup parl\u00e9.\u201d<br \/>\n<br \/><a href=\"https:\/\/bangpremier.com\/\" target=\"_blank\"> Visit Bang Premier (main website) <\/a><br \/>\n<br \/><script src=\"https:\/\/geo.dailymotion.com\/player\/xt7m2.js\" data-params=\"mute=true\"><\/script><\/p>\n","protected":false},"excerpt":{"rendered":"<p>2026-03-03 07:33:21 James Van Der Beek est d\u00e9c\u00e9d\u00e9 le 11 f\u00e9vrier dernier \u00e0 l&#8217;\u00e2ge de 48 ans des suites d&#8217;un cancer colorectal et Kevin Williamson, le cr\u00e9ateur de la c\u00e9l\u00e8bre&hellip;<\/p>\n","protected":false},"author":1,"featured_media":9825,"comment_status":"closed","ping_status":"open","sticky":false,"template":"","format":"standard","meta":{"footnotes":""},"categories":[1],"tags":[],"class_list":["post-11412","post","type-post","status-publish","format-standard","has-post-thumbnail","hentry","category-people"],"_links":{"self":[{"href":"https:\/\/bangpremier.fr\/index.php\/wp-json\/wp\/v2\/posts\/11412","targetHints":{"allow":["GET"]}}],"collection":[{"href":"https:\/\/bangpremier.fr\/index.php\/wp-json\/wp\/v2\/posts"}],"about":[{"href":"https:\/\/bangpremier.fr\/index.php\/wp-json\/wp\/v2\/types\/post"}],"author":[{"embeddable":true,"href":"https:\/\/bangpremier.fr\/index.php\/wp-json\/wp\/v2\/users\/1"}],"replies":[{"embeddable":true,"href":"https:\/\/bangpremier.fr\/index.php\/wp-json\/wp\/v2\/comments?post=11412"}],"version-history":[{"count":1,"href":"https:\/\/bangpremier.fr\/index.php\/wp-json\/wp\/v2\/posts\/11412\/revisions"}],"predecessor-version":[{"id":11413,"href":"https:\/\/bangpremier.fr\/index.php\/wp-json\/wp\/v2\/posts\/11412\/revisions\/11413"}],"wp:featuredmedia":[{"embeddable":true,"href":"https:\/\/bangpremier.fr\/index.php\/wp-json\/wp\/v2\/media\/9825"}],"wp:attachment":[{"href":"https:\/\/bangpremier.fr\/index.php\/wp-json\/wp\/v2\/media?parent=11412"}],"wp:term":[{"taxonomy":"category","embeddable":true,"href":"https:\/\/bangpremier.fr\/index.php\/wp-json\/wp\/v2\/categories?post=11412"},{"taxonomy":"post_tag","embeddable":true,"href":"https:\/\/bangpremier.fr\/index.php\/wp-json\/wp\/v2\/tags?post=11412"}],"curies":[{"name":"wp","href":"https:\/\/api.w.org\/{rel}","templated":true}]}}