{"id":11006,"date":"2026-02-02T15:36:20","date_gmt":"2026-02-02T15:36:20","guid":{"rendered":"https:\/\/bangpremier.fr\/index.php\/2026\/02\/02\/snoop-dogg-est-en-deuil-le-rappeur-pleure-le-deces-de-sa-petite-fille\/"},"modified":"2026-02-02T15:36:22","modified_gmt":"2026-02-02T15:36:22","slug":"snoop-dogg-est-en-deuil-le-rappeur-pleure-le-deces-de-sa-petite-fille","status":"publish","type":"post","link":"https:\/\/bangpremier.fr\/index.php\/2026\/02\/02\/snoop-dogg-est-en-deuil-le-rappeur-pleure-le-deces-de-sa-petite-fille\/","title":{"rendered":"Snoop Dogg est en deuil : le rappeur pleure le d\u00e9c\u00e8s de sa petite-fille"},"content":{"rendered":"<p><b>2026-02-02 15:36:20<\/b><br \/>\n<BR>La petite-fille de Snoop Dogg est d\u00e9c\u00e9d\u00e9e. Le rappeur et sa famille sont en deuil apr\u00e8s que sa fille Cori Broadus, 26 ans, a r\u00e9v\u00e9l\u00e9 que son b\u00e9b\u00e9 Codi \u00e9tait d\u00e9c\u00e9d\u00e9 trois semaines seulement apr\u00e8s sa sortie d&#8217;un s\u00e9jour de 10 mois dans une unit\u00e9 de soins intensifs n\u00e9onatals (USIN).<BR><br \/>\nCori a annonc\u00e9 cette perte dans un post sur son compte Instagram, o\u00f9 elle a partag\u00e9 une photo en noir et blanc d&#8217;elle-m\u00eame ber\u00e7ant son b\u00e9b\u00e9.<BR><br \/>\nElle a \u00e9crit : \u201cLundi, j&#8217;ai perdu l&#8217;amour de ma vie. Ma Codi.\u201d<BR><br \/>\nElle a ensuite republi\u00e9 un post pr\u00e9c\u00e9dent c\u00e9l\u00e9brant la sortie de Codi de l&#8217;h\u00f4pital le mois dernier, avec la l\u00e9gende : \u201c20 jours plus tard ? Dawg, je suis malade.\u201d<BR><br \/>\nSon fianc\u00e9, Wayne Deuce, a \u00e9galement publi\u00e9 : \u201cJe suis tellement triste depuis que tu m&#8217;as quitt\u00e9, Codi Dreaux. Mais je sais que tu es en paix. Papa t&#8217;aimera toujours.\u201d<BR><br \/>\nCodi \u00e9tait le premier enfant du couple.<BR><br \/>\nSnoop n&#8217;a pas encore comment\u00e9 cette perte d\u00e9vastatrice, mais il a partag\u00e9 une photo de famille accompagn\u00e9e d&#8217;\u00e9mojis repr\u00e9sentant un c\u0153ur scintillant et des mains en pri\u00e8re.<BR><br \/>\nLe fils de Snoop, Cordell C. Broadus, 28 ans, a partag\u00e9 la m\u00eame photo sur son compte Instagram.<BR><br \/>\nElle a \u00e9crit : \u201cPetite s\u0153ur, tu seras toujours dans nos c\u0153urs.\u201d<br \/>\n<br \/><a href=\"https:\/\/bangpremier.com\/\" target=\"_blank\"> Visit Bang Premier (main website) <\/a><br \/>\n<br \/><script src=\"https:\/\/geo.dailymotion.com\/player\/xt7m2.js\" data-params=\"mute=true\"><\/script><\/p>\n","protected":false},"excerpt":{"rendered":"<p>2026-02-02 15:36:20 La petite-fille de Snoop Dogg est d\u00e9c\u00e9d\u00e9e. Le rappeur et sa famille sont en deuil apr\u00e8s que sa fille Cori Broadus, 26 ans, a r\u00e9v\u00e9l\u00e9 que son b\u00e9b\u00e9&hellip;<\/p>\n","protected":false},"author":1,"featured_media":10284,"comment_status":"closed","ping_status":"open","sticky":false,"template":"","format":"standard","meta":{"footnotes":""},"categories":[1],"tags":[],"class_list":["post-11006","post","type-post","status-publish","format-standard","has-post-thumbnail","hentry","category-people"],"_links":{"self":[{"href":"https:\/\/bangpremier.fr\/index.php\/wp-json\/wp\/v2\/posts\/11006","targetHints":{"allow":["GET"]}}],"collection":[{"href":"https:\/\/bangpremier.fr\/index.php\/wp-json\/wp\/v2\/posts"}],"about":[{"href":"https:\/\/bangpremier.fr\/index.php\/wp-json\/wp\/v2\/types\/post"}],"author":[{"embeddable":true,"href":"https:\/\/bangpremier.fr\/index.php\/wp-json\/wp\/v2\/users\/1"}],"replies":[{"embeddable":true,"href":"https:\/\/bangpremier.fr\/index.php\/wp-json\/wp\/v2\/comments?post=11006"}],"version-history":[{"count":1,"href":"https:\/\/bangpremier.fr\/index.php\/wp-json\/wp\/v2\/posts\/11006\/revisions"}],"predecessor-version":[{"id":11007,"href":"https:\/\/bangpremier.fr\/index.php\/wp-json\/wp\/v2\/posts\/11006\/revisions\/11007"}],"wp:featuredmedia":[{"embeddable":true,"href":"https:\/\/bangpremier.fr\/index.php\/wp-json\/wp\/v2\/media\/10284"}],"wp:attachment":[{"href":"https:\/\/bangpremier.fr\/index.php\/wp-json\/wp\/v2\/media?parent=11006"}],"wp:term":[{"taxonomy":"category","embeddable":true,"href":"https:\/\/bangpremier.fr\/index.php\/wp-json\/wp\/v2\/categories?post=11006"},{"taxonomy":"post_tag","embeddable":true,"href":"https:\/\/bangpremier.fr\/index.php\/wp-json\/wp\/v2\/tags?post=11006"}],"curies":[{"name":"wp","href":"https:\/\/api.w.org\/{rel}","templated":true}]}}