{"id":10918,"date":"2026-01-27T15:01:46","date_gmt":"2026-01-27T15:01:46","guid":{"rendered":"https:\/\/bangpremier.fr\/index.php\/2026\/01\/27\/ariana-grande-pourrait-elle-prendre-sa-retraite-la-star-repond\/"},"modified":"2026-01-27T15:01:47","modified_gmt":"2026-01-27T15:01:47","slug":"ariana-grande-pourrait-elle-prendre-sa-retraite-la-star-repond","status":"publish","type":"post","link":"https:\/\/bangpremier.fr\/index.php\/2026\/01\/27\/ariana-grande-pourrait-elle-prendre-sa-retraite-la-star-repond\/","title":{"rendered":"Ariana Grande pourrait-elle prendre sa retraite ? La star r\u00e9pond"},"content":{"rendered":"<p><b>2026-01-27 15:01:45<\/b><br \/>\n<BR>Ariana Grande a admis qu&#8217;il serait sain pour elle de faire une pause dans sa carri\u00e8re. La star de 32 ans travaille sans rel\u00e2che en tant que chanteuse et actrice depuis plus de dix ans et elle reconna\u00eet qu&#8217;il pourrait \u00eatre b\u00e9n\u00e9fique pour elle de ralentir un peu.<BR><br \/>\n&#8220;Je pense que ce serait probablement sain&#8221; a-t-elle confi\u00e9 \u00e0 Vogue Japon. &#8220;Je n&#8217;ai pas l&#8217;habitude de faire des pauses. Mais je sais que j&#8217;ai beaucoup grandi en prenant mes distances avec la musique pendant le tournage de Wicked&#8230; Mais oui, ces derni\u00e8res ann\u00e9es ont \u00e9t\u00e9 assez intenses. Et par derni\u00e8res ann\u00e9es, je veux dire 15 ans.&#8221;<BR><br \/>\nL&#8217;actrice a expliqu\u00e9 qu&#8217;elle recherchait plus d&#8217;\u00e9quilibre pour les ann\u00e9es \u00e0 venir.<BR><br \/>\n &#8220;L&#8217;\u00e9quilibre est mon objectif pour les 15 prochaines ann\u00e9es&#8221; a-t-elle ajout\u00e9. &#8220;Je ne pense pas qu&#8217;elles ressembleront aux 15 ann\u00e9es pr\u00e9c\u00e9dentes. Je pense qu&#8217;il y aura plus d&#8217;\u00e9quilibre.&#8221;<br \/>\n<br \/><a href=\"https:\/\/bangpremier.com\/\" target=\"_blank\"> Visit Bang Premier (main website) <\/a><br \/>\n<br \/><script src=\"https:\/\/geo.dailymotion.com\/player\/xt7m2.js\" data-params=\"mute=true\"><\/script><\/p>\n","protected":false},"excerpt":{"rendered":"<p>2026-01-27 15:01:45 Ariana Grande a admis qu&#8217;il serait sain pour elle de faire une pause dans sa carri\u00e8re. La star de 32 ans travaille sans rel\u00e2che en tant que chanteuse&hellip;<\/p>\n","protected":false},"author":1,"featured_media":10919,"comment_status":"closed","ping_status":"open","sticky":false,"template":"","format":"standard","meta":{"footnotes":""},"categories":[1],"tags":[],"class_list":["post-10918","post","type-post","status-publish","format-standard","has-post-thumbnail","hentry","category-people"],"_links":{"self":[{"href":"https:\/\/bangpremier.fr\/index.php\/wp-json\/wp\/v2\/posts\/10918","targetHints":{"allow":["GET"]}}],"collection":[{"href":"https:\/\/bangpremier.fr\/index.php\/wp-json\/wp\/v2\/posts"}],"about":[{"href":"https:\/\/bangpremier.fr\/index.php\/wp-json\/wp\/v2\/types\/post"}],"author":[{"embeddable":true,"href":"https:\/\/bangpremier.fr\/index.php\/wp-json\/wp\/v2\/users\/1"}],"replies":[{"embeddable":true,"href":"https:\/\/bangpremier.fr\/index.php\/wp-json\/wp\/v2\/comments?post=10918"}],"version-history":[{"count":1,"href":"https:\/\/bangpremier.fr\/index.php\/wp-json\/wp\/v2\/posts\/10918\/revisions"}],"predecessor-version":[{"id":10920,"href":"https:\/\/bangpremier.fr\/index.php\/wp-json\/wp\/v2\/posts\/10918\/revisions\/10920"}],"wp:featuredmedia":[{"embeddable":true,"href":"https:\/\/bangpremier.fr\/index.php\/wp-json\/wp\/v2\/media\/10919"}],"wp:attachment":[{"href":"https:\/\/bangpremier.fr\/index.php\/wp-json\/wp\/v2\/media?parent=10918"}],"wp:term":[{"taxonomy":"category","embeddable":true,"href":"https:\/\/bangpremier.fr\/index.php\/wp-json\/wp\/v2\/categories?post=10918"},{"taxonomy":"post_tag","embeddable":true,"href":"https:\/\/bangpremier.fr\/index.php\/wp-json\/wp\/v2\/tags?post=10918"}],"curies":[{"name":"wp","href":"https:\/\/api.w.org\/{rel}","templated":true}]}}