{"id":10909,"date":"2026-01-27T10:15:27","date_gmt":"2026-01-27T10:15:27","guid":{"rendered":"https:\/\/bangpremier.fr\/index.php\/2026\/01\/27\/kanye-west-sexcuse-publiquement-pour-son-comportement-dans-un-communique\/"},"modified":"2026-01-27T10:15:29","modified_gmt":"2026-01-27T10:15:29","slug":"kanye-west-sexcuse-publiquement-pour-son-comportement-dans-un-communique","status":"publish","type":"post","link":"https:\/\/bangpremier.fr\/index.php\/2026\/01\/27\/kanye-west-sexcuse-publiquement-pour-son-comportement-dans-un-communique\/","title":{"rendered":"Kanye West s&#039;excuse publiquement pour son comportement dans un communiqu\u00e9"},"content":{"rendered":"<p><b>2026-01-27 10:15:27<\/b><br \/>\n<BR>Par le biais du Wall Street Journal, Kanye West a publi\u00e9 un communiqu\u00e9 dans lequel il pr\u00e9sente ses excuses pour les propos et actions controvers\u00e9es qui ont marqu\u00e9 sa carri\u00e8re ces derni\u00e8res ann\u00e9es. Quelques mois apr\u00e8s avoir mis en ligne une chanson qui c\u00e9l\u00e9brait Adolf Hitler, le rappeur a tenu \u00e0 \u00e9voquer sa sant\u00e9 mentale et la fa\u00e7on dont celle-ci a influenc\u00e9 ses frasques.<BR><br \/>\nLa star insiste sur le fait qu&#8217;il n&#8217;est &#8220;ni nazi, ni antis\u00e9mite&#8221; et explique qu&#8217;\u00eatre bipolaire est une maladie oppressante contre laquelle il est d\u00e9termin\u00e9 \u00e0 se battre.<BR><br \/>\n&#8220;On a l&#8217;impression que ce sont les autres qui exag\u00e8rent. On a l&#8217;impression de voir le monde plus clairement que jamais alors qu&#8217;en r\u00e9alit\u00e9 on est en train de perdre compl\u00e8tement pied&#8221; a r\u00e9v\u00e9l\u00e9 l&#8217;artiste.<BR><br \/>\nKanye a soulign\u00e9 le fait qu&#8217;il regrette profond\u00e9ment ses actes et souhaite changer.<BR><br \/>\n&#8220;Je regrette mes actes dans cet \u00e9tat et j&#8217;en suis profond\u00e9ment mortifi\u00e9&#8221; assure le rappeur. &#8220;Je m&#8217;engage \u00e0 assumer mes responsabilit\u00e9s, \u00e0 suivre un traitement et \u00e0 op\u00e9rer des changements r\u00e9els et durables. Cela n&#8217;excuse en rien ce que j&#8217;ai fait. Je ne suis pas nazi ni antis\u00e9mite. J&#8217;aime le peuple juif.&#8221;<br \/>\n<br \/><a href=\"https:\/\/bangpremier.com\/\" target=\"_blank\"> Visit Bang Premier (main website) <\/a><br \/>\n<br \/><script src=\"https:\/\/geo.dailymotion.com\/player\/xt7m2.js\" data-params=\"mute=true\"><\/script><\/p>\n","protected":false},"excerpt":{"rendered":"<p>2026-01-27 10:15:27 Par le biais du Wall Street Journal, Kanye West a publi\u00e9 un communiqu\u00e9 dans lequel il pr\u00e9sente ses excuses pour les propos et actions controvers\u00e9es qui ont marqu\u00e9&hellip;<\/p>\n","protected":false},"author":1,"featured_media":5698,"comment_status":"closed","ping_status":"open","sticky":false,"template":"","format":"standard","meta":{"footnotes":""},"categories":[1],"tags":[],"class_list":["post-10909","post","type-post","status-publish","format-standard","has-post-thumbnail","hentry","category-people"],"_links":{"self":[{"href":"https:\/\/bangpremier.fr\/index.php\/wp-json\/wp\/v2\/posts\/10909","targetHints":{"allow":["GET"]}}],"collection":[{"href":"https:\/\/bangpremier.fr\/index.php\/wp-json\/wp\/v2\/posts"}],"about":[{"href":"https:\/\/bangpremier.fr\/index.php\/wp-json\/wp\/v2\/types\/post"}],"author":[{"embeddable":true,"href":"https:\/\/bangpremier.fr\/index.php\/wp-json\/wp\/v2\/users\/1"}],"replies":[{"embeddable":true,"href":"https:\/\/bangpremier.fr\/index.php\/wp-json\/wp\/v2\/comments?post=10909"}],"version-history":[{"count":1,"href":"https:\/\/bangpremier.fr\/index.php\/wp-json\/wp\/v2\/posts\/10909\/revisions"}],"predecessor-version":[{"id":10910,"href":"https:\/\/bangpremier.fr\/index.php\/wp-json\/wp\/v2\/posts\/10909\/revisions\/10910"}],"wp:featuredmedia":[{"embeddable":true,"href":"https:\/\/bangpremier.fr\/index.php\/wp-json\/wp\/v2\/media\/5698"}],"wp:attachment":[{"href":"https:\/\/bangpremier.fr\/index.php\/wp-json\/wp\/v2\/media?parent=10909"}],"wp:term":[{"taxonomy":"category","embeddable":true,"href":"https:\/\/bangpremier.fr\/index.php\/wp-json\/wp\/v2\/categories?post=10909"},{"taxonomy":"post_tag","embeddable":true,"href":"https:\/\/bangpremier.fr\/index.php\/wp-json\/wp\/v2\/tags?post=10909"}],"curies":[{"name":"wp","href":"https:\/\/api.w.org\/{rel}","templated":true}]}}