{"id":10892,"date":"2026-01-26T12:10:06","date_gmt":"2026-01-26T12:10:06","guid":{"rendered":"https:\/\/bangpremier.fr\/index.php\/2026\/01\/26\/affaire-beckham-bientot-un-livre-sur-la-dispute-familiale\/"},"modified":"2026-01-26T12:10:07","modified_gmt":"2026-01-26T12:10:07","slug":"affaire-beckham-bientot-un-livre-sur-la-dispute-familiale","status":"publish","type":"post","link":"https:\/\/bangpremier.fr\/index.php\/2026\/01\/26\/affaire-beckham-bientot-un-livre-sur-la-dispute-familiale\/","title":{"rendered":"Affaire Beckham : bient\u00f4t un livre sur la dispute familiale?"},"content":{"rendered":"<p><b>2026-01-26 12:10:05<\/b><br \/>\n<BR>Brooklyn Beckham s\u2019est vu proposer d\u2019\u00e9crire un livre sur sa relation bris\u00e9e avec sa famille. Le jeune homme s&#8217;en est pris \u00e0 ses parents David et Victoria Beckham dans un post Instagram cinglant de six pages publi\u00e9 la semaine derni\u00e8re, dans lequel il insistait sur le fait qu&#8217;il ne souhaitait pas se r\u00e9concilier en raison de leurs mauvaises relations avec sa femme Nicola Peltz Beckham. Aujourd&#8217;hui, un nouveau rapport sugg\u00e8re qu&#8217;il se serait vu proposer un contrat \u00e0 sept chiffres par Penguin Random House pour raconter son histoire dans son int\u00e9gralit\u00e9.<BR><br \/>\nUne source a d\u00e9clar\u00e9 au journal The Sun : \u201cTout le monde se bouscule pour mettre la main dessus. Ces entreprises n&#8217;ont aucune loyaut\u00e9 envers Victoria et David Beckham, et sont pr\u00eates \u00e0 payer Brooklyn pour qu&#8217;il se lib\u00e8re de tout ce qu&#8217;il a sur le c\u0153ur, d&#8217;autant plus qu&#8217;il est dispos\u00e9 \u00e0 couper d\u00e9finitivement les ponts avec ses parents. Il a clairement beaucoup de choses en t\u00eate et le moment est venu de coucher la v\u00e9rit\u00e9 sur le papier. La balle est enti\u00e8rement dans leur camp, \u00e0 Nicola et lui, et leurs options litt\u00e9raires sont illimit\u00e9es, surtout si Brooklyn a vraiment l&#8217;impression d&#8217;avoir un livre de 300 pages en lui.\u201d<br \/>\n<br \/><a href=\"https:\/\/bangpremier.com\/\" target=\"_blank\"> Visit Bang Premier (main website) <\/a><br \/>\n<br \/><script src=\"https:\/\/geo.dailymotion.com\/player\/xt7m2.js\" data-params=\"mute=true\"><\/script><\/p>\n","protected":false},"excerpt":{"rendered":"<p>2026-01-26 12:10:05 Brooklyn Beckham s\u2019est vu proposer d\u2019\u00e9crire un livre sur sa relation bris\u00e9e avec sa famille. Le jeune homme s&#8217;en est pris \u00e0 ses parents David et Victoria Beckham&hellip;<\/p>\n","protected":false},"author":1,"featured_media":7467,"comment_status":"closed","ping_status":"open","sticky":false,"template":"","format":"standard","meta":{"footnotes":""},"categories":[1],"tags":[],"class_list":["post-10892","post","type-post","status-publish","format-standard","has-post-thumbnail","hentry","category-people"],"_links":{"self":[{"href":"https:\/\/bangpremier.fr\/index.php\/wp-json\/wp\/v2\/posts\/10892","targetHints":{"allow":["GET"]}}],"collection":[{"href":"https:\/\/bangpremier.fr\/index.php\/wp-json\/wp\/v2\/posts"}],"about":[{"href":"https:\/\/bangpremier.fr\/index.php\/wp-json\/wp\/v2\/types\/post"}],"author":[{"embeddable":true,"href":"https:\/\/bangpremier.fr\/index.php\/wp-json\/wp\/v2\/users\/1"}],"replies":[{"embeddable":true,"href":"https:\/\/bangpremier.fr\/index.php\/wp-json\/wp\/v2\/comments?post=10892"}],"version-history":[{"count":1,"href":"https:\/\/bangpremier.fr\/index.php\/wp-json\/wp\/v2\/posts\/10892\/revisions"}],"predecessor-version":[{"id":10893,"href":"https:\/\/bangpremier.fr\/index.php\/wp-json\/wp\/v2\/posts\/10892\/revisions\/10893"}],"wp:featuredmedia":[{"embeddable":true,"href":"https:\/\/bangpremier.fr\/index.php\/wp-json\/wp\/v2\/media\/7467"}],"wp:attachment":[{"href":"https:\/\/bangpremier.fr\/index.php\/wp-json\/wp\/v2\/media?parent=10892"}],"wp:term":[{"taxonomy":"category","embeddable":true,"href":"https:\/\/bangpremier.fr\/index.php\/wp-json\/wp\/v2\/categories?post=10892"},{"taxonomy":"post_tag","embeddable":true,"href":"https:\/\/bangpremier.fr\/index.php\/wp-json\/wp\/v2\/tags?post=10892"}],"curies":[{"name":"wp","href":"https:\/\/api.w.org\/{rel}","templated":true}]}}