{"id":10889,"date":"2026-01-26T07:32:43","date_gmt":"2026-01-26T07:32:43","guid":{"rendered":"https:\/\/bangpremier.fr\/index.php\/2026\/01\/26\/une-ex-petite-amie-de-brooklyn-beckham-reagit-a-ses-accusations-contre-sa-famille\/"},"modified":"2026-01-26T07:32:45","modified_gmt":"2026-01-26T07:32:45","slug":"une-ex-petite-amie-de-brooklyn-beckham-reagit-a-ses-accusations-contre-sa-famille","status":"publish","type":"post","link":"https:\/\/bangpremier.fr\/index.php\/2026\/01\/26\/une-ex-petite-amie-de-brooklyn-beckham-reagit-a-ses-accusations-contre-sa-famille\/","title":{"rendered":"Une ex-petite amie de Brooklyn Beckham r\u00e9agit \u00e0 ses accusations contre sa famille"},"content":{"rendered":"<p><b>2026-01-26 07:32:42<\/b><br \/>\n<BR>Une ex-petite amie de Brooklyn Beckham s\u2019est confi\u00e9e sur leur relation et l\u2019anxi\u00e9t\u00e9 dont il souffrait sous les projecteurs. Le fils de David et Victoria Beckham a r\u00e9cemment fait une d\u00e9claration choquante sur sa famille, les accusant notamment de privil\u00e9gier leur image publique et de s\u2019\u00eatre mal comport\u00e9s envers sa femme Nicola Peltz Beckham. Depuis, le jeune homme de 26 ans a re\u00e7u le soutien de son amie d&#8217;enfance Afton McKeith, avec qui il est sorti \u00e9tant adolescent.<BR><br \/>\nAfton a d\u00e9clar\u00e9 au journal The Sun on Sunday : \u201cBeaucoup de choses se sont pass\u00e9es au fil des ans. Cela ne s&#8217;est pas produit soudainement. Brooklyn disait la v\u00e9rit\u00e9 dans son message. Il a eu du mal \u00e0 grandir dans ce monde. Il y a deux versions \u00e0 chaque histoire, mais je sais que grandir sous les projecteurs a \u00e9t\u00e9 difficile pour lui. Il souffrait d&#8217;anxi\u00e9t\u00e9. Brooklyn avait l&#8217;impression que le monde attendait constamment qu&#8217;il fasse une erreur<BR><br \/>\nAfton ajoute : \u201cJe pense aujourd&#8217;hui que ses parents auraient pu mieux le prot\u00e9ger et prendre en compte l&#8217;impact de l&#8217;image publique de la famille Beckham.\u201d<br \/>\n<br \/><a href=\"https:\/\/bangpremier.com\/\" target=\"_blank\"> Visit Bang Premier (main website) <\/a><br \/>\n<br \/><script src=\"https:\/\/geo.dailymotion.com\/player\/xt7m2.js\" data-params=\"mute=true\"><\/script><\/p>\n","protected":false},"excerpt":{"rendered":"<p>2026-01-26 07:32:42 Une ex-petite amie de Brooklyn Beckham s\u2019est confi\u00e9e sur leur relation et l\u2019anxi\u00e9t\u00e9 dont il souffrait sous les projecteurs. Le fils de David et Victoria Beckham a r\u00e9cemment&hellip;<\/p>\n","protected":false},"author":1,"featured_media":10890,"comment_status":"closed","ping_status":"open","sticky":false,"template":"","format":"standard","meta":{"footnotes":""},"categories":[1],"tags":[],"class_list":["post-10889","post","type-post","status-publish","format-standard","has-post-thumbnail","hentry","category-people"],"_links":{"self":[{"href":"https:\/\/bangpremier.fr\/index.php\/wp-json\/wp\/v2\/posts\/10889","targetHints":{"allow":["GET"]}}],"collection":[{"href":"https:\/\/bangpremier.fr\/index.php\/wp-json\/wp\/v2\/posts"}],"about":[{"href":"https:\/\/bangpremier.fr\/index.php\/wp-json\/wp\/v2\/types\/post"}],"author":[{"embeddable":true,"href":"https:\/\/bangpremier.fr\/index.php\/wp-json\/wp\/v2\/users\/1"}],"replies":[{"embeddable":true,"href":"https:\/\/bangpremier.fr\/index.php\/wp-json\/wp\/v2\/comments?post=10889"}],"version-history":[{"count":1,"href":"https:\/\/bangpremier.fr\/index.php\/wp-json\/wp\/v2\/posts\/10889\/revisions"}],"predecessor-version":[{"id":10891,"href":"https:\/\/bangpremier.fr\/index.php\/wp-json\/wp\/v2\/posts\/10889\/revisions\/10891"}],"wp:featuredmedia":[{"embeddable":true,"href":"https:\/\/bangpremier.fr\/index.php\/wp-json\/wp\/v2\/media\/10890"}],"wp:attachment":[{"href":"https:\/\/bangpremier.fr\/index.php\/wp-json\/wp\/v2\/media?parent=10889"}],"wp:term":[{"taxonomy":"category","embeddable":true,"href":"https:\/\/bangpremier.fr\/index.php\/wp-json\/wp\/v2\/categories?post=10889"},{"taxonomy":"post_tag","embeddable":true,"href":"https:\/\/bangpremier.fr\/index.php\/wp-json\/wp\/v2\/tags?post=10889"}],"curies":[{"name":"wp","href":"https:\/\/api.w.org\/{rel}","templated":true}]}}