{"id":10831,"date":"2026-01-21T16:02:53","date_gmt":"2026-01-21T16:02:53","guid":{"rendered":"https:\/\/bangpremier.fr\/index.php\/2026\/01\/21\/lavion-de-donald-trump-a-echappe-a-un-accident-en-route-pour-davos\/"},"modified":"2026-01-21T16:02:55","modified_gmt":"2026-01-21T16:02:55","slug":"lavion-de-donald-trump-a-echappe-a-un-accident-en-route-pour-davos","status":"publish","type":"post","link":"https:\/\/bangpremier.fr\/index.php\/2026\/01\/21\/lavion-de-donald-trump-a-echappe-a-un-accident-en-route-pour-davos\/","title":{"rendered":"L&#039;avion de Donald Trump a \u00e9chapp\u00e9 \u00e0 un accident en route pour Davos"},"content":{"rendered":"<p><b>2026-01-21 16:02:53<\/b><br \/>\n<BR>Donald Trump \u00e9tait \u00e0 bord d&#8217;un avion Air Force One lorsque l\u2019appareil a \u00e9t\u00e9 contraint de faire demi-tour en raison d&#8217;un probl\u00e8me \u00e9lectrique. Ce mardi, le pr\u00e9sident am\u00e9ricain se rendait au Forum \u00e9conomique mondial de Davos, en Suisse, lorsque l&#8217;avion a d\u00fb retourner \u00e0 la base militaire Joint Andrews, dans le comt\u00e9 de Prince George, dans le Maryland.<BR><br \/>\nDans un communiqu\u00e9, la porte-parole de la Maison Blanche, Karoline Leavitt, a d\u00e9clar\u00e9 : \u201cApr\u00e8s le d\u00e9collage, l&#8217;\u00e9quipage de l&#8217;AF1 a d\u00e9tect\u00e9 un probl\u00e8me \u00e9lectrique mineur. Par mesure de pr\u00e9caution, l&#8217;AF1 retourne \u00e0 la base militaire d&#8217;Andrews. Le pr\u00e9sident et son \u00e9quipe embarqueront \u00e0 bord d&#8217;un autre avion et poursuivront leur voyage vers la Suisse.\u201d<BR><br \/>\nSelon les journalistes \u00e0 bord, les lumi\u00e8res de la cabine r\u00e9serv\u00e9e \u00e0 la presse se sont \u00e9teintes bri\u00e8vement, sans aucune explication.<BR><br \/>\nTrump a depuis \u00e9t\u00e9 vu montant \u00e0 bord d&#8217;un nouvel avion, l&#8217;Air Force C-32, un Boeing 757, g\u00e9n\u00e9ralement utilis\u00e9 pour les vols int\u00e9rieurs vers des a\u00e9roports plus petits, et se dirigeant vers Davos. Plusieurs membres du personnel ont \u00e9t\u00e9 vus descendant de l&#8217;avion initial avec des sacs et essayant de r\u00e9organiser les bagages dans le nouvel appareil.<br \/>\n<br \/><a href=\"https:\/\/bangpremier.com\/\" target=\"_blank\"> Visit Bang Premier (main website) <\/a><br \/>\n<br \/><script src=\"https:\/\/geo.dailymotion.com\/player\/xt7m2.js\" data-params=\"mute=true\"><\/script><\/p>\n","protected":false},"excerpt":{"rendered":"<p>2026-01-21 16:02:53 Donald Trump \u00e9tait \u00e0 bord d&#8217;un avion Air Force One lorsque l\u2019appareil a \u00e9t\u00e9 contraint de faire demi-tour en raison d&#8217;un probl\u00e8me \u00e9lectrique. Ce mardi, le pr\u00e9sident am\u00e9ricain&hellip;<\/p>\n","protected":false},"author":1,"featured_media":10832,"comment_status":"closed","ping_status":"open","sticky":false,"template":"","format":"standard","meta":{"footnotes":""},"categories":[1],"tags":[],"class_list":["post-10831","post","type-post","status-publish","format-standard","has-post-thumbnail","hentry","category-people"],"_links":{"self":[{"href":"https:\/\/bangpremier.fr\/index.php\/wp-json\/wp\/v2\/posts\/10831","targetHints":{"allow":["GET"]}}],"collection":[{"href":"https:\/\/bangpremier.fr\/index.php\/wp-json\/wp\/v2\/posts"}],"about":[{"href":"https:\/\/bangpremier.fr\/index.php\/wp-json\/wp\/v2\/types\/post"}],"author":[{"embeddable":true,"href":"https:\/\/bangpremier.fr\/index.php\/wp-json\/wp\/v2\/users\/1"}],"replies":[{"embeddable":true,"href":"https:\/\/bangpremier.fr\/index.php\/wp-json\/wp\/v2\/comments?post=10831"}],"version-history":[{"count":1,"href":"https:\/\/bangpremier.fr\/index.php\/wp-json\/wp\/v2\/posts\/10831\/revisions"}],"predecessor-version":[{"id":10833,"href":"https:\/\/bangpremier.fr\/index.php\/wp-json\/wp\/v2\/posts\/10831\/revisions\/10833"}],"wp:featuredmedia":[{"embeddable":true,"href":"https:\/\/bangpremier.fr\/index.php\/wp-json\/wp\/v2\/media\/10832"}],"wp:attachment":[{"href":"https:\/\/bangpremier.fr\/index.php\/wp-json\/wp\/v2\/media?parent=10831"}],"wp:term":[{"taxonomy":"category","embeddable":true,"href":"https:\/\/bangpremier.fr\/index.php\/wp-json\/wp\/v2\/categories?post=10831"},{"taxonomy":"post_tag","embeddable":true,"href":"https:\/\/bangpremier.fr\/index.php\/wp-json\/wp\/v2\/tags?post=10831"}],"curies":[{"name":"wp","href":"https:\/\/api.w.org\/{rel}","templated":true}]}}