{"id":10793,"date":"2026-01-19T15:42:59","date_gmt":"2026-01-19T15:42:59","guid":{"rendered":"https:\/\/bangpremier.fr\/index.php\/2026\/01\/19\/liphone-18-pro-sera-dote-dun-design-avec-camera-perforee\/"},"modified":"2026-01-19T15:43:00","modified_gmt":"2026-01-19T15:43:00","slug":"liphone-18-pro-sera-dote-dun-design-avec-camera-perforee","status":"publish","type":"post","link":"https:\/\/bangpremier.fr\/index.php\/2026\/01\/19\/liphone-18-pro-sera-dote-dun-design-avec-camera-perforee\/","title":{"rendered":"L&#039;iPhone 18 Pro sera dot\u00e9 d&#039;un design avec cam\u00e9ra perfor\u00e9e"},"content":{"rendered":"<p><b>2026-01-19 15:42:58<\/b><br \/>\n<BR>Apple travaillerait actuellement sur un design de cam\u00e9ra perfor\u00e9e pour l&#8217;iPhone 18 Pro et l&#8217;iPhone 18 Pro Max.<BR><br \/>\nSelon le leaker Digital Chat Station, qui s&#8217;est exprim\u00e9 sur Weibo, les deux appareils \u00e0 venir conserveront leurs tailles d&#8217;\u00e9cran actuelles (respectivement environ 6,3 pouces et 6,9 pouces), mais abandonneront la d\u00e9coupe en forme de pilule utilis\u00e9e pour le Dynamic Island. <BR><br \/>\nAu lieu de cela, Apple cacherait son syst\u00e8me TrueDepth Face ID sous l&#8217;\u00e9cran, ne laissant qu&#8217;une petite ouverture pour la cam\u00e9ra frontale, qui serait positionn\u00e9e dans le coin sup\u00e9rieur gauche.<BR><br \/>\nCette affirmation correspond \u00e0 un article publi\u00e9 en d\u00e9cembre par The Information, qui indiquait \u00e9galement qu&#8217;Apple pr\u00e9voyait d&#8217;int\u00e9grer la technologie Face ID sous l&#8217;\u00e9cran de ses prochains mod\u00e8les Pro.<BR><br \/>\nSi cela s&#8217;av\u00e8re exact, il s&#8217;agirait du changement visuel le plus radical apport\u00e9 \u00e0 l&#8217;avant de l&#8217;iPhone depuis l&#8217;introduction de l&#8217;encoche en 2017 avec l&#8217;iPhone X, et d&#8217;une \u00e9tape importante vers l&#8217;objectif \u00e0 long terme d&#8217;Apple d&#8217;un \u00e9cran enti\u00e8rement ininterrompu.<BR><br \/>\nCe qui reste incertain, c&#8217;est l&#8217;avenir de Dynamic Island, car m\u00eame avec le mat\u00e9riel Face ID dissimul\u00e9 sous le panneau, Apple pourrait toujours le conserver comme fonctionnalit\u00e9 logicielle pour les activit\u00e9s en direct, les invites de navigation et les alertes.<BR><br \/>\nCette fonctionnalit\u00e9 pourrait \u00e9galement \u00eatre r\u00e9duite ou n&#8217;appara\u00eetre qu&#8217;en cas de besoin, ce qui marquerait une phase de transition avant qu&#8217;Apple ne supprime d\u00e9finitivement toutes les d\u00e9coupes visibles pour la cam\u00e9ra.<BR><br \/>\nSelon certaines fuites, cette refonte serait exclusive \u00e0 la gamme Pro, tandis que l&#8217;iPhone 18 standard et l&#8217;iPhone Air de deuxi\u00e8me g\u00e9n\u00e9ration conserveraient Dynamic Island.<br \/>\n<br \/><a href=\"https:\/\/bangpremier.com\/\" target=\"_blank\"> Visit Bang Premier (main website) <\/a><br \/>\n<br \/><script src=\"https:\/\/geo.dailymotion.com\/player\/xt7m2.js\" data-params=\"mute=true\"><\/script><\/p>\n","protected":false},"excerpt":{"rendered":"<p>2026-01-19 15:42:58 Apple travaillerait actuellement sur un design de cam\u00e9ra perfor\u00e9e pour l&#8217;iPhone 18 Pro et l&#8217;iPhone 18 Pro Max. Selon le leaker Digital Chat Station, qui s&#8217;est exprim\u00e9 sur&hellip;<\/p>\n","protected":false},"author":1,"featured_media":10447,"comment_status":"closed","ping_status":"open","sticky":false,"template":"","format":"standard","meta":{"footnotes":""},"categories":[5],"tags":[],"class_list":["post-10793","post","type-post","status-publish","format-standard","has-post-thumbnail","hentry","category-technologie"],"_links":{"self":[{"href":"https:\/\/bangpremier.fr\/index.php\/wp-json\/wp\/v2\/posts\/10793","targetHints":{"allow":["GET"]}}],"collection":[{"href":"https:\/\/bangpremier.fr\/index.php\/wp-json\/wp\/v2\/posts"}],"about":[{"href":"https:\/\/bangpremier.fr\/index.php\/wp-json\/wp\/v2\/types\/post"}],"author":[{"embeddable":true,"href":"https:\/\/bangpremier.fr\/index.php\/wp-json\/wp\/v2\/users\/1"}],"replies":[{"embeddable":true,"href":"https:\/\/bangpremier.fr\/index.php\/wp-json\/wp\/v2\/comments?post=10793"}],"version-history":[{"count":1,"href":"https:\/\/bangpremier.fr\/index.php\/wp-json\/wp\/v2\/posts\/10793\/revisions"}],"predecessor-version":[{"id":10794,"href":"https:\/\/bangpremier.fr\/index.php\/wp-json\/wp\/v2\/posts\/10793\/revisions\/10794"}],"wp:featuredmedia":[{"embeddable":true,"href":"https:\/\/bangpremier.fr\/index.php\/wp-json\/wp\/v2\/media\/10447"}],"wp:attachment":[{"href":"https:\/\/bangpremier.fr\/index.php\/wp-json\/wp\/v2\/media?parent=10793"}],"wp:term":[{"taxonomy":"category","embeddable":true,"href":"https:\/\/bangpremier.fr\/index.php\/wp-json\/wp\/v2\/categories?post=10793"},{"taxonomy":"post_tag","embeddable":true,"href":"https:\/\/bangpremier.fr\/index.php\/wp-json\/wp\/v2\/tags?post=10793"}],"curies":[{"name":"wp","href":"https:\/\/api.w.org\/{rel}","templated":true}]}}