{"id":10756,"date":"2026-01-16T15:40:35","date_gmt":"2026-01-16T15:40:35","guid":{"rendered":"https:\/\/bangpremier.fr\/index.php\/2026\/01\/16\/ben-affleck-prefererait-que-ses-enfants-ne-deviennent-pas-acteurs\/"},"modified":"2026-01-16T15:40:36","modified_gmt":"2026-01-16T15:40:36","slug":"ben-affleck-prefererait-que-ses-enfants-ne-deviennent-pas-acteurs","status":"publish","type":"post","link":"https:\/\/bangpremier.fr\/index.php\/2026\/01\/16\/ben-affleck-prefererait-que-ses-enfants-ne-deviennent-pas-acteurs\/","title":{"rendered":"Ben Affleck pr\u00e9f\u00e8rerait que ses enfants ne deviennent pas acteurs"},"content":{"rendered":"<p><b>2026-01-16 15:40:35<\/b><br \/>\n<BR>Ben Affleck esp\u00e8re que ses enfants &#8220;ne g\u00e2cheront pas leur vie&#8221; en devenant acteurs. L&#8217;acteur est p\u00e8re de trois enfants (Violet, 20 ans, Seraphina, 17 ans, et Samuel, 13 ans) avec son ex-femme Jennifer Garner, et il a r\u00e9v\u00e9l\u00e9 que Jennifer et lui ne souhaitent pas pousser leurs enfants \u00e0 suivre leurs traces.<BR><br \/>\n &#8220;Vous imposez quelque chose \u00e0 vos enfants lorsque vous menez une vie publique, et c&#8217;est compliqu\u00e9&#8221; a-t-il confi\u00e9 \u00e0 E! News lors de la premi\u00e8re du film The Ript. &#8220;Nous voulons vraiment leur laisser la libert\u00e9 de d\u00e9couvrir ce qu&#8217;ils veulent faire. Je ne les pousserais pas dans cette voie. Ils sont brillants, adorables et merveilleux, nous les aimons, nous sommes fiers d&#8217;eux et nous esp\u00e9rons qu&#8217;ils ne g\u00e2cheront pas leur vie en devenant acteurs.&#8221;<BR><br \/>\nBen a ensuite admis que l&#8217;\u00e9ducation de ses enfants \u00e9tait tr\u00e8s diff\u00e9rente de la sienne. <BR><br \/>\n&#8220;D&#8217;une certaine mani\u00e8re, c&#8217;\u00e9tait une b\u00e9n\u00e9diction d&#8217;\u00eatre anonymes, de lutter, de commencer l\u00e0 o\u00f9 nous avons commenc\u00e9, c&#8217;est-\u00e0-dire au milieu de nulle part&#8221; a ajout\u00e9 l&#8217;acteur.<br \/>\n<br \/><a href=\"https:\/\/bangpremier.com\/\" target=\"_blank\"> Visit Bang Premier (main website) <\/a><br \/>\n<br \/><script src=\"https:\/\/geo.dailymotion.com\/player\/xt7m2.js\" data-params=\"mute=true\"><\/script><\/p>\n","protected":false},"excerpt":{"rendered":"<p>2026-01-16 15:40:35 Ben Affleck esp\u00e8re que ses enfants &#8220;ne g\u00e2cheront pas leur vie&#8221; en devenant acteurs. L&#8217;acteur est p\u00e8re de trois enfants (Violet, 20 ans, Seraphina, 17 ans, et Samuel,&hellip;<\/p>\n","protected":false},"author":1,"featured_media":1814,"comment_status":"closed","ping_status":"open","sticky":false,"template":"","format":"standard","meta":{"footnotes":""},"categories":[1],"tags":[],"class_list":["post-10756","post","type-post","status-publish","format-standard","has-post-thumbnail","hentry","category-people"],"_links":{"self":[{"href":"https:\/\/bangpremier.fr\/index.php\/wp-json\/wp\/v2\/posts\/10756","targetHints":{"allow":["GET"]}}],"collection":[{"href":"https:\/\/bangpremier.fr\/index.php\/wp-json\/wp\/v2\/posts"}],"about":[{"href":"https:\/\/bangpremier.fr\/index.php\/wp-json\/wp\/v2\/types\/post"}],"author":[{"embeddable":true,"href":"https:\/\/bangpremier.fr\/index.php\/wp-json\/wp\/v2\/users\/1"}],"replies":[{"embeddable":true,"href":"https:\/\/bangpremier.fr\/index.php\/wp-json\/wp\/v2\/comments?post=10756"}],"version-history":[{"count":1,"href":"https:\/\/bangpremier.fr\/index.php\/wp-json\/wp\/v2\/posts\/10756\/revisions"}],"predecessor-version":[{"id":10757,"href":"https:\/\/bangpremier.fr\/index.php\/wp-json\/wp\/v2\/posts\/10756\/revisions\/10757"}],"wp:featuredmedia":[{"embeddable":true,"href":"https:\/\/bangpremier.fr\/index.php\/wp-json\/wp\/v2\/media\/1814"}],"wp:attachment":[{"href":"https:\/\/bangpremier.fr\/index.php\/wp-json\/wp\/v2\/media?parent=10756"}],"wp:term":[{"taxonomy":"category","embeddable":true,"href":"https:\/\/bangpremier.fr\/index.php\/wp-json\/wp\/v2\/categories?post=10756"},{"taxonomy":"post_tag","embeddable":true,"href":"https:\/\/bangpremier.fr\/index.php\/wp-json\/wp\/v2\/tags?post=10756"}],"curies":[{"name":"wp","href":"https:\/\/api.w.org\/{rel}","templated":true}]}}