{"id":10728,"date":"2026-01-15T10:00:21","date_gmt":"2026-01-15T10:00:21","guid":{"rendered":"https:\/\/bangpremier.fr\/index.php\/2026\/01\/15\/emilia-clarke-revele-avoir-tres-mal-vecu-la-fin-de-game-of-thrones\/"},"modified":"2026-01-15T10:00:23","modified_gmt":"2026-01-15T10:00:23","slug":"emilia-clarke-revele-avoir-tres-mal-vecu-la-fin-de-game-of-thrones","status":"publish","type":"post","link":"https:\/\/bangpremier.fr\/index.php\/2026\/01\/15\/emilia-clarke-revele-avoir-tres-mal-vecu-la-fin-de-game-of-thrones\/","title":{"rendered":"Emilia Clarke r\u00e9v\u00e8le avoir tr\u00e8s mal v\u00e9cu la fin de Game of Thrones"},"content":{"rendered":"<p><b>2026-01-15 10:00:20<\/b><br \/>\n<BR>Emilia Clarke a admis avoir travers\u00e9 une tr\u00e8s mauvaise passe quand  Game of Thrones a pris fin. L&#8217;actrice s&#8217;est fait conna\u00eetre en incarnant Daenerys Targaryen dans la s\u00e9rie fantastique diffus\u00e9e de 2011 \u00e0 2019 et elle admet avoir \u00e9t\u00e9 soulag\u00e9e par la pand\u00e9mie de COVID-19 car celle-ci lui a donn\u00e9 le temps de se reposer. <BR><br \/>\n \u201cC&#8217;\u00e9tait la premi\u00e8re fois de ma vie professionnelle que je m&#8217;arr\u00eatais\u201d a-t-elle confi\u00e9 au New York Times. \u201cJ&#8217;ai fait une d\u00e9pression nerveuse totale. C&#8217;\u00e9tait presque comme si le timing de la pand\u00e9mie \u00e9tait parfait&#8230; Cela m&#8217;a forc\u00e9e \u00e0 r\u00e9pondre \u00e0 certaines questions que j&#8217;aurais probablement pu repousser pendant encore 10 ans&#8230; Pendant le tournage, je n&#8217;ai jamais eu le temps de m&#8217;arr\u00eater pour r\u00e9fl\u00e9chir \u00e0 la signification de tout cela.\u201d<BR><br \/>\nL&#8217;actrice a \u00e9galement r\u00e9v\u00e9l\u00e9 qu&#8217;elle ne participerait probablement plus jamais \u00e0 un autre projet fantastique.<BR><br \/>\n\u201cIl est tr\u00e8s improbable que vous me voyiez \u00e0 nouveau monter sur un dragon, ou m\u00eame appara\u00eetre dans le m\u00eame cadre qu&#8217;un dragon\u201d a-t-elle confi\u00e9.<br \/>\n<br \/><a href=\"https:\/\/bangpremier.com\/\" target=\"_blank\"> Visit Bang Premier (main website) <\/a><br \/>\n<br \/><script src=\"https:\/\/geo.dailymotion.com\/player\/xt7m2.js\" data-params=\"mute=true\"><\/script><\/p>\n","protected":false},"excerpt":{"rendered":"<p>2026-01-15 10:00:20 Emilia Clarke a admis avoir travers\u00e9 une tr\u00e8s mauvaise passe quand Game of Thrones a pris fin. L&#8217;actrice s&#8217;est fait conna\u00eetre en incarnant Daenerys Targaryen dans la s\u00e9rie&hellip;<\/p>\n","protected":false},"author":1,"featured_media":1473,"comment_status":"closed","ping_status":"open","sticky":false,"template":"","format":"standard","meta":{"footnotes":""},"categories":[1],"tags":[],"class_list":["post-10728","post","type-post","status-publish","format-standard","has-post-thumbnail","hentry","category-people"],"_links":{"self":[{"href":"https:\/\/bangpremier.fr\/index.php\/wp-json\/wp\/v2\/posts\/10728","targetHints":{"allow":["GET"]}}],"collection":[{"href":"https:\/\/bangpremier.fr\/index.php\/wp-json\/wp\/v2\/posts"}],"about":[{"href":"https:\/\/bangpremier.fr\/index.php\/wp-json\/wp\/v2\/types\/post"}],"author":[{"embeddable":true,"href":"https:\/\/bangpremier.fr\/index.php\/wp-json\/wp\/v2\/users\/1"}],"replies":[{"embeddable":true,"href":"https:\/\/bangpremier.fr\/index.php\/wp-json\/wp\/v2\/comments?post=10728"}],"version-history":[{"count":1,"href":"https:\/\/bangpremier.fr\/index.php\/wp-json\/wp\/v2\/posts\/10728\/revisions"}],"predecessor-version":[{"id":10729,"href":"https:\/\/bangpremier.fr\/index.php\/wp-json\/wp\/v2\/posts\/10728\/revisions\/10729"}],"wp:featuredmedia":[{"embeddable":true,"href":"https:\/\/bangpremier.fr\/index.php\/wp-json\/wp\/v2\/media\/1473"}],"wp:attachment":[{"href":"https:\/\/bangpremier.fr\/index.php\/wp-json\/wp\/v2\/media?parent=10728"}],"wp:term":[{"taxonomy":"category","embeddable":true,"href":"https:\/\/bangpremier.fr\/index.php\/wp-json\/wp\/v2\/categories?post=10728"},{"taxonomy":"post_tag","embeddable":true,"href":"https:\/\/bangpremier.fr\/index.php\/wp-json\/wp\/v2\/tags?post=10728"}],"curies":[{"name":"wp","href":"https:\/\/api.w.org\/{rel}","templated":true}]}}