{"id":10648,"date":"2026-01-09T11:03:45","date_gmt":"2026-01-09T11:03:45","guid":{"rendered":"https:\/\/bangpremier.fr\/index.php\/2026\/01\/09\/disney-va-lancer-les-videos-verticales-aux-etats-unis\/"},"modified":"2026-01-09T11:03:46","modified_gmt":"2026-01-09T11:03:46","slug":"disney-va-lancer-les-videos-verticales-aux-etats-unis","status":"publish","type":"post","link":"https:\/\/bangpremier.fr\/index.php\/2026\/01\/09\/disney-va-lancer-les-videos-verticales-aux-etats-unis\/","title":{"rendered":"Disney+ va lancer les vid\u00e9os verticales aux \u00c9tats-Unis"},"content":{"rendered":"<p><b>2026-01-09 11:03:44<\/b><br \/>\n<BR>Disney+ s&#8217;appr\u00eate \u00e0 introduire la vid\u00e9o verticale sur sa plateforme am\u00e9ricaine dans le courant de l&#8217;ann\u00e9e.<BR><br \/>\nAnnonc\u00e9e lors du Disney&#8217;s Tech + Data Showcase au CES 2026 \u00e0 Las Vegas, cette initiative vise \u00e0 donner aux utilisateurs davantage de raisons d&#8217;ouvrir l&#8217;application quotidiennement.<BR><br \/>\nLa soci\u00e9t\u00e9 a d\u00e9j\u00e0 test\u00e9 ce format via Verts, une fonctionnalit\u00e9 de vid\u00e9o verticale lanc\u00e9e sur l&#8217;application ESPN en ao\u00fbt 2025. Cet essai a permis \u00e0 Disney de mieux comprendre comment le public interagit avec les vid\u00e9os mobiles et a contribu\u00e9 \u00e0 d\u00e9finir les prochaines \u00e9tapes pour Disney+.<BR><br \/>\nDans une interview accord\u00e9e \u00e0 Deadline, Erin Teague, vice-pr\u00e9sidente ex\u00e9cutive de la gestion des produits chez Disney Entertainment, a d\u00e9clar\u00e9 que ce format serait utilis\u00e9 pour un large \u00e9ventail de contenus. Disney+ ne limite pas la vid\u00e9o verticale aux bandes-annonces ou aux clips promotionnels : le service de streaming pr\u00e9voit \u00e9galement de proposer des programmes courts originaux sp\u00e9cialement con\u00e7us pour ce format. Bien que Mme Teague n&#8217;ait pas r\u00e9v\u00e9l\u00e9 \u00e0 quoi ressembleront ces projets, l&#8217;essor des micro-s\u00e9ries verticales au cours de l&#8217;ann\u00e9e derni\u00e8re sugg\u00e8re que la plateforme s&#8217;int\u00e9resse \u00e0 cette tendance croissante.<BR><br \/>\nMme Teague a expliqu\u00e9 que l&#8217;objectif est de rendre le visionnage vertical naturel au sein de l&#8217;application, en d\u00e9clarant : &#8220;Nous r\u00e9fl\u00e9chissons \u00e9videmment \u00e0 int\u00e9grer la vid\u00e9o verticale de mani\u00e8re native dans les comportements des utilisateurs. Il ne s&#8217;agira donc pas d&#8217;une exp\u00e9rience d\u00e9cousue et al\u00e9atoire.&#8221;<BR><br \/>\nCette initiative vise directement les g\u00e9n\u00e9rations Z et Alpha, qui sont beaucoup plus enclines \u00e0 consommer des clips rapides et adapt\u00e9s aux mobiles qu&#8217;\u00e0 regarder de longs \u00e9pisodes sur leur t\u00e9l\u00e9phone.<br \/>\n<br \/><a href=\"https:\/\/bangpremier.com\/\" target=\"_blank\"> Visit Bang Premier (main website) <\/a><br \/>\n<br \/><script src=\"https:\/\/geo.dailymotion.com\/player\/xt7m2.js\" data-params=\"mute=true\"><\/script><\/p>\n","protected":false},"excerpt":{"rendered":"<p>2026-01-09 11:03:44 Disney+ s&#8217;appr\u00eate \u00e0 introduire la vid\u00e9o verticale sur sa plateforme am\u00e9ricaine dans le courant de l&#8217;ann\u00e9e. Annonc\u00e9e lors du Disney&#8217;s Tech + Data Showcase au CES 2026 \u00e0&hellip;<\/p>\n","protected":false},"author":1,"featured_media":546,"comment_status":"closed","ping_status":"open","sticky":false,"template":"","format":"standard","meta":{"footnotes":""},"categories":[5],"tags":[],"class_list":["post-10648","post","type-post","status-publish","format-standard","has-post-thumbnail","hentry","category-technologie"],"_links":{"self":[{"href":"https:\/\/bangpremier.fr\/index.php\/wp-json\/wp\/v2\/posts\/10648","targetHints":{"allow":["GET"]}}],"collection":[{"href":"https:\/\/bangpremier.fr\/index.php\/wp-json\/wp\/v2\/posts"}],"about":[{"href":"https:\/\/bangpremier.fr\/index.php\/wp-json\/wp\/v2\/types\/post"}],"author":[{"embeddable":true,"href":"https:\/\/bangpremier.fr\/index.php\/wp-json\/wp\/v2\/users\/1"}],"replies":[{"embeddable":true,"href":"https:\/\/bangpremier.fr\/index.php\/wp-json\/wp\/v2\/comments?post=10648"}],"version-history":[{"count":1,"href":"https:\/\/bangpremier.fr\/index.php\/wp-json\/wp\/v2\/posts\/10648\/revisions"}],"predecessor-version":[{"id":10649,"href":"https:\/\/bangpremier.fr\/index.php\/wp-json\/wp\/v2\/posts\/10648\/revisions\/10649"}],"wp:featuredmedia":[{"embeddable":true,"href":"https:\/\/bangpremier.fr\/index.php\/wp-json\/wp\/v2\/media\/546"}],"wp:attachment":[{"href":"https:\/\/bangpremier.fr\/index.php\/wp-json\/wp\/v2\/media?parent=10648"}],"wp:term":[{"taxonomy":"category","embeddable":true,"href":"https:\/\/bangpremier.fr\/index.php\/wp-json\/wp\/v2\/categories?post=10648"},{"taxonomy":"post_tag","embeddable":true,"href":"https:\/\/bangpremier.fr\/index.php\/wp-json\/wp\/v2\/tags?post=10648"}],"curies":[{"name":"wp","href":"https:\/\/api.w.org\/{rel}","templated":true}]}}