{"id":10638,"date":"2026-01-08T18:38:49","date_gmt":"2026-01-08T18:38:49","guid":{"rendered":"https:\/\/bangpremier.fr\/index.php\/2026\/01\/08\/jennifer-garner-fait-de-rares-confidences-sur-son-divorce-difficile-de-ben-affleck\/"},"modified":"2026-01-08T18:38:50","modified_gmt":"2026-01-08T18:38:50","slug":"jennifer-garner-fait-de-rares-confidences-sur-son-divorce-difficile-de-ben-affleck","status":"publish","type":"post","link":"https:\/\/bangpremier.fr\/index.php\/2026\/01\/08\/jennifer-garner-fait-de-rares-confidences-sur-son-divorce-difficile-de-ben-affleck\/","title":{"rendered":"Jennifer Garner fait de rares confidences sur son divorce difficile de Ben Affleck"},"content":{"rendered":"<p><b>2026-01-08 18:38:48<\/b><br \/>\n<BR>Jennifer Garner s&#8217;est s\u00e9par\u00e9e de Ben Affleck en 2015 apr\u00e8s dix ans de mariage et elle admet aujourd&#8217;hui qu&#8217;elle ne supportait pas les ragots et les sp\u00e9culations sur sa vie priv\u00e9e \u00e0 l\u2019\u00e9poque.<BR><br \/>\n\u201cCela ne m&#8217;aide pas d&#8217;\u00e9couter les ragots sur moi-m\u00eame ou sur quelqu&#8217;un d&#8217;autre, encore moins sur mes enfants, donc je ne le fais pas&#8221; a-t-elle d\u00e9clar\u00e9 au magazine britannique Marie Claire. &#8220;Il faut savoir faire la part des choses entre ce que l&#8217;on peut supporter et ce que l&#8217;on ne peut pas supporter, et je ne pouvais pas supporter ce qui se disait.\u201d <BR><br \/>\nLa star a reconnu que les rumeurs n\u2019\u00e9taient pas compl\u00e8tement la raison de sa tristesse.<BR><br \/>\n&#8220;Mais ce n&#8217;\u00e9tait pas ce qui se disait qui \u00e9tait difficile&#8221; a-t-elle ajout\u00e9. &#8220;C&#8217;\u00e9tait la r\u00e9alit\u00e9 qui \u00e9tait dure. C&#8217;\u00e9tait la rupture d&#8217;une famille qui \u00e9tait difficile. C&#8217;\u00e9tait la perte d&#8217;un v\u00e9ritable partenariat et d&#8217;une v\u00e9ritable amiti\u00e9 qui \u00e9tait compliqu\u00e9e.\u201d<br \/>\n<br \/><a href=\"https:\/\/bangpremier.com\/\" target=\"_blank\"> Visit Bang Premier (main website) <\/a><br \/>\n<br \/><script src=\"https:\/\/geo.dailymotion.com\/player\/xt7m2.js\" data-params=\"mute=true\"><\/script><\/p>\n","protected":false},"excerpt":{"rendered":"<p>2026-01-08 18:38:48 Jennifer Garner s&#8217;est s\u00e9par\u00e9e de Ben Affleck en 2015 apr\u00e8s dix ans de mariage et elle admet aujourd&#8217;hui qu&#8217;elle ne supportait pas les ragots et les sp\u00e9culations sur&hellip;<\/p>\n","protected":false},"author":1,"featured_media":5186,"comment_status":"closed","ping_status":"open","sticky":false,"template":"","format":"standard","meta":{"footnotes":""},"categories":[1],"tags":[],"class_list":["post-10638","post","type-post","status-publish","format-standard","has-post-thumbnail","hentry","category-people"],"_links":{"self":[{"href":"https:\/\/bangpremier.fr\/index.php\/wp-json\/wp\/v2\/posts\/10638","targetHints":{"allow":["GET"]}}],"collection":[{"href":"https:\/\/bangpremier.fr\/index.php\/wp-json\/wp\/v2\/posts"}],"about":[{"href":"https:\/\/bangpremier.fr\/index.php\/wp-json\/wp\/v2\/types\/post"}],"author":[{"embeddable":true,"href":"https:\/\/bangpremier.fr\/index.php\/wp-json\/wp\/v2\/users\/1"}],"replies":[{"embeddable":true,"href":"https:\/\/bangpremier.fr\/index.php\/wp-json\/wp\/v2\/comments?post=10638"}],"version-history":[{"count":1,"href":"https:\/\/bangpremier.fr\/index.php\/wp-json\/wp\/v2\/posts\/10638\/revisions"}],"predecessor-version":[{"id":10639,"href":"https:\/\/bangpremier.fr\/index.php\/wp-json\/wp\/v2\/posts\/10638\/revisions\/10639"}],"wp:featuredmedia":[{"embeddable":true,"href":"https:\/\/bangpremier.fr\/index.php\/wp-json\/wp\/v2\/media\/5186"}],"wp:attachment":[{"href":"https:\/\/bangpremier.fr\/index.php\/wp-json\/wp\/v2\/media?parent=10638"}],"wp:term":[{"taxonomy":"category","embeddable":true,"href":"https:\/\/bangpremier.fr\/index.php\/wp-json\/wp\/v2\/categories?post=10638"},{"taxonomy":"post_tag","embeddable":true,"href":"https:\/\/bangpremier.fr\/index.php\/wp-json\/wp\/v2\/tags?post=10638"}],"curies":[{"name":"wp","href":"https:\/\/api.w.org\/{rel}","templated":true}]}}