{"id":10625,"date":"2026-01-08T11:52:00","date_gmt":"2026-01-08T11:52:00","guid":{"rendered":"https:\/\/bangpremier.fr\/index.php\/2026\/01\/08\/bradley-cooper-brise-son-silence-sur-les-rumeurs-de-chirurgie-esthetique\/"},"modified":"2026-01-08T11:52:02","modified_gmt":"2026-01-08T11:52:02","slug":"bradley-cooper-brise-son-silence-sur-les-rumeurs-de-chirurgie-esthetique","status":"publish","type":"post","link":"https:\/\/bangpremier.fr\/index.php\/2026\/01\/08\/bradley-cooper-brise-son-silence-sur-les-rumeurs-de-chirurgie-esthetique\/","title":{"rendered":"Bradley Cooper brise son silence sur les rumeurs de chirurgie esth\u00e9tique"},"content":{"rendered":"<p><b>2026-01-08 11:52:00<\/b><br \/>\n<BR>Bradley Cooper a r\u00e9pondu aux rumeurs selon lesquelles il aurait eu recours \u00e0 la chirurgie esth\u00e9tique. L&#8217;acteur de 51 ans a admis dans le podcast Smartless qu&#8217;il avait \u00e9t\u00e9 interpell\u00e9 dans la rue par des gens qui lui posaient des questions sur son apparence.<BR><br \/>\n\u201cCertaines personnes m&#8217;ont abord\u00e9 ces derni\u00e8res semaines\u201d a confi\u00e9 la star. \u201cOn m\u2019a dit \u2018Oh, tu es beau !\u201d<BR><br \/>\nL&#8217;acteur a \u00e9voqu\u00e9 ces rumeurs apr\u00e8s que son ami Will Arnett ait \u00e9t\u00e9 invit\u00e9 \u00e0 r\u00e9v\u00e9ler quelque chose que les gens ne savent pas sur Bradley.<BR><br \/>\n\u201cLes gens disent tout le temps ce genre de choses\u201d a d\u00e9clar\u00e9 le com\u00e9dien. \u201cOn ne cesse de le lire \u2018tout le monde pense que Bradley a eu recours \u00e0 la chirurgie esth\u00e9tique.\u2019 Je me dis que ce que les gens ne savent pas, c&#8217;est que ce n\u2019est pas le cas. Bien s\u00fbr que ce n\u2019est pas le cas.\u201d<br \/>\n<br \/><a href=\"https:\/\/bangpremier.com\/\" target=\"_blank\"> Visit Bang Premier (main website) <\/a><br \/>\n<br \/><script src=\"https:\/\/geo.dailymotion.com\/player\/xt7m2.js\" data-params=\"mute=true\"><\/script><\/p>\n","protected":false},"excerpt":{"rendered":"<p>2026-01-08 11:52:00 Bradley Cooper a r\u00e9pondu aux rumeurs selon lesquelles il aurait eu recours \u00e0 la chirurgie esth\u00e9tique. L&#8217;acteur de 51 ans a admis dans le podcast Smartless qu&#8217;il avait&hellip;<\/p>\n","protected":false},"author":1,"featured_media":10626,"comment_status":"closed","ping_status":"open","sticky":false,"template":"","format":"standard","meta":{"footnotes":""},"categories":[1],"tags":[],"class_list":["post-10625","post","type-post","status-publish","format-standard","has-post-thumbnail","hentry","category-people"],"_links":{"self":[{"href":"https:\/\/bangpremier.fr\/index.php\/wp-json\/wp\/v2\/posts\/10625","targetHints":{"allow":["GET"]}}],"collection":[{"href":"https:\/\/bangpremier.fr\/index.php\/wp-json\/wp\/v2\/posts"}],"about":[{"href":"https:\/\/bangpremier.fr\/index.php\/wp-json\/wp\/v2\/types\/post"}],"author":[{"embeddable":true,"href":"https:\/\/bangpremier.fr\/index.php\/wp-json\/wp\/v2\/users\/1"}],"replies":[{"embeddable":true,"href":"https:\/\/bangpremier.fr\/index.php\/wp-json\/wp\/v2\/comments?post=10625"}],"version-history":[{"count":1,"href":"https:\/\/bangpremier.fr\/index.php\/wp-json\/wp\/v2\/posts\/10625\/revisions"}],"predecessor-version":[{"id":10627,"href":"https:\/\/bangpremier.fr\/index.php\/wp-json\/wp\/v2\/posts\/10625\/revisions\/10627"}],"wp:featuredmedia":[{"embeddable":true,"href":"https:\/\/bangpremier.fr\/index.php\/wp-json\/wp\/v2\/media\/10626"}],"wp:attachment":[{"href":"https:\/\/bangpremier.fr\/index.php\/wp-json\/wp\/v2\/media?parent=10625"}],"wp:term":[{"taxonomy":"category","embeddable":true,"href":"https:\/\/bangpremier.fr\/index.php\/wp-json\/wp\/v2\/categories?post=10625"},{"taxonomy":"post_tag","embeddable":true,"href":"https:\/\/bangpremier.fr\/index.php\/wp-json\/wp\/v2\/tags?post=10625"}],"curies":[{"name":"wp","href":"https:\/\/api.w.org\/{rel}","templated":true}]}}