{"id":10437,"date":"2025-12-23T07:31:01","date_gmt":"2025-12-23T07:31:01","guid":{"rendered":"https:\/\/bangpremier.fr\/index.php\/2025\/12\/23\/enrique-iglesias-et-anna-kournikova-ont-accueilli-leur-quatrieme-enfant\/"},"modified":"2025-12-23T07:31:03","modified_gmt":"2025-12-23T07:31:03","slug":"enrique-iglesias-et-anna-kournikova-ont-accueilli-leur-quatrieme-enfant","status":"publish","type":"post","link":"https:\/\/bangpremier.fr\/index.php\/2025\/12\/23\/enrique-iglesias-et-anna-kournikova-ont-accueilli-leur-quatrieme-enfant\/","title":{"rendered":"Enrique Iglesias et Anna Kournikova ont accueilli leur quatri\u00e8me enfant"},"content":{"rendered":"<p><b>2025-12-23 07:31:01<\/b><br \/>\n<BR>Enrique Iglesias et Anna Kournikova ont accueilli leur quatri\u00e8me enfant. Le chanteur et l&#8217;ancienne joueuse de tennis ont publi\u00e9 lundi 22 d\u00e9cembre un message commun sur Instagram annon\u00e7ant qu&#8217;ils avaient agrandi leur famille. Cette derni\u00e8re compte d\u00e9j\u00e0 les jumeaux Lucy et Nicholas, \u00e2g\u00e9s de huit ans, et leur fille Mary, \u00e2g\u00e9e de cinq ans.<BR><br \/>\nL&#8217;annonce du couple \u00e9tait accompagn\u00e9e d&#8217;une adorable photo du nouveau-n\u00e9 emmitoufl\u00e9 dans une couverture, coiff\u00e9 d&#8217;un bonnet d&#8217;h\u00f4pital et blotti contre une peluche. <BR><br \/>\nEnrique et Anna ont l\u00e9gend\u00e9 leur publication : &#8220;Mon rayon de soleil 17\/12\/2025&#8221;.<BR><br \/>\nLe couple est tr\u00e8s discret sur sa vie priv\u00e9e et n&#8217;a r\u00e9v\u00e9l\u00e9 aucune information sur le genre ou le pr\u00e9nom du b\u00e9b\u00e9. <BR><br \/>\nPar ailleurs, Enrique a r\u00e9v\u00e9l\u00e9 par le pass\u00e9 qu&#8217;il esp\u00e9rait que ses enfants suivraient les traces de leur m\u00e8re, une ancienne joueuse de tennis class\u00e9e parmi les 10 meilleures, plut\u00f4t que de choisir une carri\u00e8re musicale comme lui.<BR><br \/>\n&#8220;Je peux vous dire honn\u00eatement que si je devais choisir, ce serait sans h\u00e9siter le sport&#8221; a-t-il confi\u00e9 en 2020.  &#8220;Oui, je dirais oui, simplement parce que j&#8217;adore le sport. J&#8217;adore le golf, j&#8217;adore le tennis, et cela ne me d\u00e9rangerait pas de voir l&#8217;une de mes petites filles se lancer dans le tennis.&#8221;<br \/>\n<br \/><a href=\"https:\/\/bangpremier.com\/\" target=\"_blank\"> Visit Bang Premier (main website) <\/a><br \/>\n<br \/><script src=\"https:\/\/geo.dailymotion.com\/player\/xt7m2.js\" data-params=\"mute=true\"><\/script><\/p>\n","protected":false},"excerpt":{"rendered":"<p>2025-12-23 07:31:01 Enrique Iglesias et Anna Kournikova ont accueilli leur quatri\u00e8me enfant. Le chanteur et l&#8217;ancienne joueuse de tennis ont publi\u00e9 lundi 22 d\u00e9cembre un message commun sur Instagram annon\u00e7ant&hellip;<\/p>\n","protected":false},"author":1,"featured_media":10438,"comment_status":"closed","ping_status":"open","sticky":false,"template":"","format":"standard","meta":{"footnotes":""},"categories":[1],"tags":[],"class_list":["post-10437","post","type-post","status-publish","format-standard","has-post-thumbnail","hentry","category-people"],"_links":{"self":[{"href":"https:\/\/bangpremier.fr\/index.php\/wp-json\/wp\/v2\/posts\/10437","targetHints":{"allow":["GET"]}}],"collection":[{"href":"https:\/\/bangpremier.fr\/index.php\/wp-json\/wp\/v2\/posts"}],"about":[{"href":"https:\/\/bangpremier.fr\/index.php\/wp-json\/wp\/v2\/types\/post"}],"author":[{"embeddable":true,"href":"https:\/\/bangpremier.fr\/index.php\/wp-json\/wp\/v2\/users\/1"}],"replies":[{"embeddable":true,"href":"https:\/\/bangpremier.fr\/index.php\/wp-json\/wp\/v2\/comments?post=10437"}],"version-history":[{"count":1,"href":"https:\/\/bangpremier.fr\/index.php\/wp-json\/wp\/v2\/posts\/10437\/revisions"}],"predecessor-version":[{"id":10439,"href":"https:\/\/bangpremier.fr\/index.php\/wp-json\/wp\/v2\/posts\/10437\/revisions\/10439"}],"wp:featuredmedia":[{"embeddable":true,"href":"https:\/\/bangpremier.fr\/index.php\/wp-json\/wp\/v2\/media\/10438"}],"wp:attachment":[{"href":"https:\/\/bangpremier.fr\/index.php\/wp-json\/wp\/v2\/media?parent=10437"}],"wp:term":[{"taxonomy":"category","embeddable":true,"href":"https:\/\/bangpremier.fr\/index.php\/wp-json\/wp\/v2\/categories?post=10437"},{"taxonomy":"post_tag","embeddable":true,"href":"https:\/\/bangpremier.fr\/index.php\/wp-json\/wp\/v2\/tags?post=10437"}],"curies":[{"name":"wp","href":"https:\/\/api.w.org\/{rel}","templated":true}]}}