{"id":10416,"date":"2025-12-22T07:38:13","date_gmt":"2025-12-22T07:38:13","guid":{"rendered":"https:\/\/bangpremier.fr\/index.php\/2025\/12\/22\/brooklyn-beckham-ne-suit-plus-ses-parents-david-et-victoria-beckham-sur-instagram\/"},"modified":"2025-12-22T07:38:14","modified_gmt":"2025-12-22T07:38:14","slug":"brooklyn-beckham-ne-suit-plus-ses-parents-david-et-victoria-beckham-sur-instagram","status":"publish","type":"post","link":"https:\/\/bangpremier.fr\/index.php\/2025\/12\/22\/brooklyn-beckham-ne-suit-plus-ses-parents-david-et-victoria-beckham-sur-instagram\/","title":{"rendered":"Brooklyn Beckham ne suit plus ses parents David et Victoria Beckham sur Instagram"},"content":{"rendered":"<p><b>2025-12-22 07:38:12<\/b><br \/>\n<BR>David et Lady Victoria Beckham ne sont plus abonn\u00e9s \u00e0 leur fils Brooklyn sur Instagram. Le fils a\u00een\u00e9 du couple serait en froid avec sa famille depuis quelque temps et il semble d\u00e9sormais qu&#8217;ils aient rompu tout lien num\u00e9riques. David et Victoria ne suivent plus la femme de Brooklyn, Nicola Peltz Beckham, et ne figurent pas non plus dans la liste des personnes suivies par l&#8217;actrice.<BR><br \/>\nLa brouille familiale aurait commenc\u00e9 apr\u00e8s le mariage du jeune couple en 2022. En mai, Brooklyn et Nicola \u00e9taient visiblement absents de la f\u00eate organis\u00e9e pour les 50 ans de David \u00e0 Londres, \u00e0 laquelle ont assist\u00e9 sa femme et leurs autres enfants, Romeo, 23 ans, Cruz, 20 ans, et Harper, 14 ans.<BR><br \/>\nLe m\u00eame mois, Brooklyn a partag\u00e9 une vid\u00e9o de lui-m\u00eame et Nicola \u00e0 moto, accompagn\u00e9e d&#8217;une l\u00e9gende dans laquelle il s&#8217;engageait \u00e0 \u201ctoujours la choisir\u201d.<BR><br \/>\nCruz a tenu \u00e0 r\u00e9agir aux rumeurs selon lesquelles ses parents auraient cess\u00e9 de suivre Brooklyn sur Instagram en affirmant qu\u2019ils avaient \u00e9t\u00e9 bloqu\u00e9s.<BR><br \/>\n\u201cFAUX\u201d a-t-il \u00e9crit en story Instagram. \u201cMes parents ne se d\u00e9sabonneraient jamais de leur fils&#8230; Mettons les choses au clair. Ils se sont r\u00e9veill\u00e9s bloqu\u00e9s&#8230; tout comme moi.\u201d<br \/>\n<br \/><a href=\"https:\/\/bangpremier.com\/\" target=\"_blank\"> Visit Bang Premier (main website) <\/a><br \/>\n<br \/><script src=\"https:\/\/geo.dailymotion.com\/player\/xt7m2.js\" data-params=\"mute=true\"><\/script><\/p>\n","protected":false},"excerpt":{"rendered":"<p>2025-12-22 07:38:12 David et Lady Victoria Beckham ne sont plus abonn\u00e9s \u00e0 leur fils Brooklyn sur Instagram. Le fils a\u00een\u00e9 du couple serait en froid avec sa famille depuis quelque&hellip;<\/p>\n","protected":false},"author":1,"featured_media":10417,"comment_status":"closed","ping_status":"open","sticky":false,"template":"","format":"standard","meta":{"footnotes":""},"categories":[1],"tags":[],"class_list":["post-10416","post","type-post","status-publish","format-standard","has-post-thumbnail","hentry","category-people"],"_links":{"self":[{"href":"https:\/\/bangpremier.fr\/index.php\/wp-json\/wp\/v2\/posts\/10416","targetHints":{"allow":["GET"]}}],"collection":[{"href":"https:\/\/bangpremier.fr\/index.php\/wp-json\/wp\/v2\/posts"}],"about":[{"href":"https:\/\/bangpremier.fr\/index.php\/wp-json\/wp\/v2\/types\/post"}],"author":[{"embeddable":true,"href":"https:\/\/bangpremier.fr\/index.php\/wp-json\/wp\/v2\/users\/1"}],"replies":[{"embeddable":true,"href":"https:\/\/bangpremier.fr\/index.php\/wp-json\/wp\/v2\/comments?post=10416"}],"version-history":[{"count":1,"href":"https:\/\/bangpremier.fr\/index.php\/wp-json\/wp\/v2\/posts\/10416\/revisions"}],"predecessor-version":[{"id":10418,"href":"https:\/\/bangpremier.fr\/index.php\/wp-json\/wp\/v2\/posts\/10416\/revisions\/10418"}],"wp:featuredmedia":[{"embeddable":true,"href":"https:\/\/bangpremier.fr\/index.php\/wp-json\/wp\/v2\/media\/10417"}],"wp:attachment":[{"href":"https:\/\/bangpremier.fr\/index.php\/wp-json\/wp\/v2\/media?parent=10416"}],"wp:term":[{"taxonomy":"category","embeddable":true,"href":"https:\/\/bangpremier.fr\/index.php\/wp-json\/wp\/v2\/categories?post=10416"},{"taxonomy":"post_tag","embeddable":true,"href":"https:\/\/bangpremier.fr\/index.php\/wp-json\/wp\/v2\/tags?post=10416"}],"curies":[{"name":"wp","href":"https:\/\/api.w.org\/{rel}","templated":true}]}}